{"id":126085,"date":"2021-09-05T05:39:32","date_gmt":"2021-09-05T09:39:32","guid":{"rendered":"https:\/\/linitiative.ca\/International\/jeux-paralympiques-le-marocain-el-amin-chentouf-remporte-lor-du-marathon\/"},"modified":"2021-09-05T05:39:32","modified_gmt":"2021-09-05T09:39:32","slug":"jeux-paralympiques-le-marocain-el-amin-chentouf-remporte-lor-du-marathon","status":"publish","type":"post","link":"https:\/\/linitiative.ca\/International\/jeux-paralympiques-le-marocain-el-amin-chentouf-remporte-lor-du-marathon\/","title":{"rendered":"Jeux paralympiques: Le Marocain El Amin Chentouf remporte l\u2019or du Marathon"},"content":{"rendered":"<div>\n<p><img decoding=\"async\" width=\"300\" height=\"153\" src=\"https:\/\/linitiative.ca\/International\/wp-content\/uploads\/sites\/23\/2021\/09\/el_amin_chentouf_-_t12-300x153-1.jpg\" class=\"attachment-medium size-medium wp-post-image\" alt=\"\" loading=\"lazy\" srcset=\"\/\/aujourdhui.ma\/wp-content\/uploads\/2021\/09\/el_amin_chentouf_-_t12-300x153.jpg 300w, \/\/aujourdhui.ma\/wp-content\/uploads\/2021\/09\/el_amin_chentouf_-_t12-274x140.jpg 274w, \/\/aujourdhui.ma\/wp-content\/uploads\/2021\/09\/el_amin_chentouf_-_t12.jpg 746w, \/\/aujourdhui.ma\/wp-content\/uploads\/2021\/09\/el_amin_chentouf_-_t12-165x84.jpg 165w, \/\/aujourdhui.ma\/wp-content\/uploads\/2021\/09\/el_amin_chentouf_-_t12-702x358.jpg 702w\" sizes=\"auto, (max-width: 300px) 100vw, 300px\"><\/p>\n<p><span style=\"color: #800000;\"><strong>Le Marocain El Amin Chentouf a remport\u00e9, dimanche, la 4\u00e8 m\u00e9daille d\u2019or du Maroc \u00e0 l\u2019\u00e9preuve du marathon (T12), dans le cadre des Jeux paralympiques de Tokyo, qui prennent fin aujourd\u2019hui.<\/strong><\/span><span id=\"more-385799\"><\/span><\/p>\n<p>Chentouf, tenant du titre, a battu le record paralympique en 2 h 21 min 43 sec en s\u2019imposant face \u00e0 l\u2019Australien Jaryd Clifford (2 h 26 min 09 sec) et le Japonais Tadashi Horikoshi (2 h 28 min 01 sec).<\/p>\n<p>Cet exploit est le quatri\u00e8me pour le champion marocain aux Jeux paralympiques, apr\u00e8s les deux m\u00e9dailles d\u2019or r\u00e9alis\u00e9es \u00e0 Londres 2012 et \u00e0 Rio 2016, respectivement aux \u00e9preuves du 5000 m et du marathon (T12), aunsi que la m\u00e9daille d\u2019argent du 5000 m (T12) aux jeux de Rio de Janeiro au Br\u00e9sil.<\/p>\n<p>Pour sa part, le marocain Hicham Hanyn s\u2019est content\u00e9 de la 12\u00e8 place en 2 h 41 min 04 sec, r\u00e9alisant son meilleur chrono de la saison.<\/p>\n<p>Le Maroc compte d\u00e9sormais onze m\u00e9dailles, apr\u00e8s l\u2019or d\u2019Abdeslam Hili, Zakariae Derhem et Ayoub Sadni, l\u2019argent de Fouzia El Kassioui, Yousra Karim, Mohamed Amguoun et Azeddine Nouiri, et le bronze de Hayat El Garaa, Saida Amoudi et l\u2019\u00e9quipe nationale de c\u00e9cifoot.<\/p>\n<p>\u00a0<\/p>\n<\/div>\n<p>Auteur: ALM<br \/>\n<a href=\"https:\/\/aujourdhui.ma\/societe\/jeux-paralympiques-le-marocain-el-amin-chentouf-remporte-lor-du-marathon\">Cliquez ici pour lire l&rsquo;article depuis sa source.<\/a><\/p>\n","protected":false},"excerpt":{"rendered":"<p>Le Marocain El Amin Chentouf a remport\u00e9, dimanche, la 4\u00e8 m\u00e9daille d\u2019or du Maroc \u00e0 l\u2019\u00e9preuve du marathon (T12), dans le cadre des Jeux paralympiques de Tokyo, qui prennent fin aujourd\u2019hui. Chentouf, tenant du titre, a battu le record paralympique en 2 h 21 min 43 sec en s\u2019imposant face \u00e0 l\u2019Australien Jaryd Clifford (2 [&hellip;]<\/p>\n","protected":false},"author":1759,"featured_media":0,"comment_status":"closed","ping_status":"closed","sticky":false,"template":"","format":"standard","meta":{"fifu_image_url":"https:\/\/aujourdhui.ma\/wp-content\/uploads\/2021\/09\/el_amin_chentouf_-_t12-300x153.jpg","fifu_image_alt":"Jeux paralympiques: Le Marocain El Amin Chentouf remporte l\u2019or du Marathon","footnotes":""},"categories":[73,54],"tags":[],"class_list":["post-126085","post","type-post","status-publish","format-standard","hentry","category-actualite","category-maroc"],"_links":{"self":[{"href":"https:\/\/linitiative.ca\/International\/wp-json\/wp\/v2\/posts\/126085","targetHints":{"allow":["GET"]}}],"collection":[{"href":"https:\/\/linitiative.ca\/International\/wp-json\/wp\/v2\/posts"}],"about":[{"href":"https:\/\/linitiative.ca\/International\/wp-json\/wp\/v2\/types\/post"}],"author":[{"embeddable":true,"href":"https:\/\/linitiative.ca\/International\/wp-json\/wp\/v2\/users\/1759"}],"replies":[{"embeddable":true,"href":"https:\/\/linitiative.ca\/International\/wp-json\/wp\/v2\/comments?post=126085"}],"version-history":[{"count":0,"href":"https:\/\/linitiative.ca\/International\/wp-json\/wp\/v2\/posts\/126085\/revisions"}],"wp:attachment":[{"href":"https:\/\/linitiative.ca\/International\/wp-json\/wp\/v2\/media?parent=126085"}],"wp:term":[{"taxonomy":"category","embeddable":true,"href":"https:\/\/linitiative.ca\/International\/wp-json\/wp\/v2\/categories?post=126085"},{"taxonomy":"post_tag","embeddable":true,"href":"https:\/\/linitiative.ca\/International\/wp-json\/wp\/v2\/tags?post=126085"}],"curies":[{"name":"wp","href":"https:\/\/api.w.org\/{rel}","templated":true}]}}