{"id":126087,"date":"2021-09-05T07:45:50","date_gmt":"2021-09-05T11:45:50","guid":{"rendered":"https:\/\/linitiative.ca\/International\/elections-la-presse-francaise-anticipe-une-defaite-du-pjd\/"},"modified":"2021-09-05T07:45:50","modified_gmt":"2021-09-05T11:45:50","slug":"elections-la-presse-francaise-anticipe-une-defaite-du-pjd","status":"publish","type":"post","link":"https:\/\/linitiative.ca\/International\/elections-la-presse-francaise-anticipe-une-defaite-du-pjd\/","title":{"rendered":"Elections : La presse fran\u00e7aise anticipe une d\u00e9faite du PJD"},"content":{"rendered":"<div>\n<p><img decoding=\"async\" width=\"300\" height=\"153\" src=\"https:\/\/linitiative.ca\/International\/wp-content\/uploads\/sites\/23\/2021\/09\/Elections-La-presse-francaise-anticipe-une-defaite-du-PJD-300x153-1.jpg\" class=\"attachment-medium size-medium wp-post-image\" alt=\"\" loading=\"lazy\" srcset=\"\/\/aujourdhui.ma\/wp-content\/uploads\/2021\/09\/Elections-La-presse-francaise-anticipe-une-defaite-du-PJD-300x153.jpg 300w, \/\/aujourdhui.ma\/wp-content\/uploads\/2021\/09\/Elections-La-presse-francaise-anticipe-une-defaite-du-PJD-274x140.jpg 274w, \/\/aujourdhui.ma\/wp-content\/uploads\/2021\/09\/Elections-La-presse-francaise-anticipe-une-defaite-du-PJD.jpg 746w, \/\/aujourdhui.ma\/wp-content\/uploads\/2021\/09\/Elections-La-presse-francaise-anticipe-une-defaite-du-PJD-165x84.jpg 165w, \/\/aujourdhui.ma\/wp-content\/uploads\/2021\/09\/Elections-La-presse-francaise-anticipe-une-defaite-du-PJD-702x358.jpg 702w\" sizes=\"auto, (max-width: 300px) 100vw, 300px\"><\/p>\n<p><span style=\"color: #800000; font-size: 18px;\"><strong>En raison, selon elle, de la faiblesse de son bilan et de l\u2019usure du pouvoir<\/strong> <\/span><span id=\"more-385802\"><\/span><\/p>\n<p>Dans un article consacr\u00e9 aux prochaines \u00e9lections du 8 septembre prochain, Le Journal du Dimanche (JJD) anticipe une d\u00e9faite du PJD qui dirige la majorit\u00e9 gouvernementale depuis dix ann\u00e9es. Selon l\u2019auteur de l\u2019article qui fait intervenir le politologue Mohamed Tozy lequel enseigne au Maroc et en France, le parti de la lampe pourrait perdre sa place lors du prochain scrutin. \u00ab\u00a0Contrairement \u00e0 l\u2019\u00e9lection de 2016 qui l\u2019a vu stagner en voix mais rester en t\u00eate et gagner en si\u00e8ges, le Parti de la justice et du d\u00e9veloppement du Premier ministre (chef de gouvernement, ndlr) Saad Dine El Otmani pourrait payer cette fois l\u2019usure du pouvoir\u00a0\u00bb, lit-on dans l\u2019article du JJD, paru dimanche 5 septembre. \u00abLa client\u00e8le du PJD est toujours rest\u00e9e assez stable, mais il y a aujourd\u2019hui une baisse de l\u2019engouement observ\u00e9 en 2011 et 2016\u2033, analyse le politologue, ajoutant que la professionnalisation politique et technocratique du PJD l\u2019a peu \u00e0 peu \u00e9cart\u00e9 du peuple profond\u00bb. De son c\u00f4t\u00e9, Abdelmalek Alaoui, entrepreneur qui vient de publier le livre \u00ab\u00a0Le temps du Maroc\u00a0\u00bb, a indiqu\u00e9 dans le m\u00eame article du JJD qu\u2019 \u00ab\u00a0il y a un rejet du PJD pas tellement pour son id\u00e9ologie et ses valeurs conservatrices mais pour la faiblesse de son bilan qu\u2019il s\u2019agisse des infrastructures, de la transition \u00e9nerg\u00e9tique, de l\u2019emploi ou de la solidarit\u00e9 sociale, autant de postes d\u00e9tenus par des ministres PJD\u00a0\u00bb.<\/p>\n<p>Selon le journal fran\u00e7ais, le seul parti politique qui fait office de favori face \u00e0 cette situation, c\u2019est le Rassemblement national des ind\u00e9pendants. Ce dernier et malgr\u00e9 la pand\u00e9mie a \u00e9t\u00e9 tr\u00e8s actif sur les r\u00e9seaux sociaux, selon l\u2019hebdomadaire fran\u00e7ais qui affirme que le parcours du RNI sous la conduite de son pr\u00e9sident Aziz Akhannouch est tr\u00e8s suivi, notamment par les pays voisins, mais surtout comme en France et en Espagne. D\u2019ailleurs, l\u2019ancien Premier ministre fran\u00e7ais, Manuel Valls, a sign\u00e9 une tribune dans laquelle il cite l\u2019avantage d\u2019un gouvernement dirig\u00e9 par une personnalit\u00e9 comme le num\u00e9ro un du RNI.<\/p>\n<p>Pour lui, \u00ables \u00e9lections du 8 septembre sont donc \u00e0 suivre attentivement. Les sondages sont interdits au Maroc mais les \u00e9lections des Chambres professionnelles tenues le 6 ao\u00fbt 2021 ont vu la victoire du RNI. Ce parti se d\u00e9finissant comme social-lib\u00e9ral\/social-d\u00e9mocrate est dirig\u00e9 par Aziz Akhannouch depuis 2016. Il a obtenu 638 si\u00e8ges sur les 2.230 qui \u00e9taient \u00e0 pourvoir, soit 28,61%. Nombre d\u2019observateurs politiques y voient donc les pr\u00e9mices d\u2019un possible succ\u00e8s le 8 septembre\u00bb.<\/p>\n<p>La m\u00eame source pr\u00e9cise que \u00abAziz Akhannouch devient un candidat privil\u00e9gi\u00e9 pour le poste de Premier ministre (chef de gouvernement, ndlr)\u00bb. Et de conclure : \u00abNous aurions tout \u00e0 gagner que le gouvernement du Maroc soit dirig\u00e9 par un strat\u00e8ge, un entrepreneur moderne, avec une v\u00e9ritable vision \u00e9conomique et sociale, capable de relever les d\u00e9fis du Maroc\u00bb.<\/p>\n<\/div>\n<p>Auteur: ALM<br \/>\n<a href=\"https:\/\/aujourdhui.ma\/politique\/elections-la-presse-francaise-anticipe-une-defaite-du-pjd\">Cliquez ici pour lire l&rsquo;article depuis sa source.<\/a><\/p>\n","protected":false},"excerpt":{"rendered":"<p>En raison, selon elle, de la faiblesse de son bilan et de l\u2019usure du pouvoir Dans un article consacr\u00e9 aux prochaines \u00e9lections du 8 septembre prochain, Le Journal du Dimanche (JJD) anticipe une d\u00e9faite du PJD qui dirige la majorit\u00e9 gouvernementale depuis dix ann\u00e9es. Selon l\u2019auteur de l\u2019article qui fait intervenir le politologue Mohamed Tozy [&hellip;]<\/p>\n","protected":false},"author":1759,"featured_media":0,"comment_status":"closed","ping_status":"closed","sticky":false,"template":"","format":"standard","meta":{"fifu_image_url":"https:\/\/aujourdhui.ma\/wp-content\/uploads\/2021\/09\/Elections-La-presse-francaise-anticipe-une-defaite-du-PJD-300x153.jpg","fifu_image_alt":"Elections : La presse fran\u00e7aise anticipe une d\u00e9faite du PJD","footnotes":""},"categories":[73,54],"tags":[],"class_list":["post-126087","post","type-post","status-publish","format-standard","hentry","category-actualite","category-maroc"],"_links":{"self":[{"href":"https:\/\/linitiative.ca\/International\/wp-json\/wp\/v2\/posts\/126087","targetHints":{"allow":["GET"]}}],"collection":[{"href":"https:\/\/linitiative.ca\/International\/wp-json\/wp\/v2\/posts"}],"about":[{"href":"https:\/\/linitiative.ca\/International\/wp-json\/wp\/v2\/types\/post"}],"author":[{"embeddable":true,"href":"https:\/\/linitiative.ca\/International\/wp-json\/wp\/v2\/users\/1759"}],"replies":[{"embeddable":true,"href":"https:\/\/linitiative.ca\/International\/wp-json\/wp\/v2\/comments?post=126087"}],"version-history":[{"count":0,"href":"https:\/\/linitiative.ca\/International\/wp-json\/wp\/v2\/posts\/126087\/revisions"}],"wp:attachment":[{"href":"https:\/\/linitiative.ca\/International\/wp-json\/wp\/v2\/media?parent=126087"}],"wp:term":[{"taxonomy":"category","embeddable":true,"href":"https:\/\/linitiative.ca\/International\/wp-json\/wp\/v2\/categories?post=126087"},{"taxonomy":"post_tag","embeddable":true,"href":"https:\/\/linitiative.ca\/International\/wp-json\/wp\/v2\/tags?post=126087"}],"curies":[{"name":"wp","href":"https:\/\/api.w.org\/{rel}","templated":true}]}}