{"id":126091,"date":"2021-09-05T11:33:25","date_gmt":"2021-09-05T15:33:25","guid":{"rendered":"https:\/\/linitiative.ca\/International\/covid19-la-situation-epidemiologique-au-5-septembre-2021-a-16h00\/"},"modified":"2021-09-05T11:33:25","modified_gmt":"2021-09-05T15:33:25","slug":"covid19-la-situation-epidemiologique-au-5-septembre-2021-a-16h00","status":"publish","type":"post","link":"https:\/\/linitiative.ca\/International\/covid19-la-situation-epidemiologique-au-5-septembre-2021-a-16h00\/","title":{"rendered":"Covid19 : La situation \u00e9pid\u00e9miologique au 5 septembre 2021 \u00e0 16H00"},"content":{"rendered":"<div>\n<p><img decoding=\"async\" width=\"300\" height=\"153\" src=\"https:\/\/linitiative.ca\/International\/wp-content\/uploads\/sites\/23\/2021\/09\/confinement-Maroc-Covid-19-300x153-1.jpg\" class=\"attachment-medium size-medium wp-post-image\" alt=\"\" loading=\"lazy\" srcset=\"\/\/aujourdhui.ma\/wp-content\/uploads\/2020\/06\/confinement-Maroc-Covid-19-300x153.jpg 300w, \/\/aujourdhui.ma\/wp-content\/uploads\/2020\/06\/confinement-Maroc-Covid-19-274x140.jpg 274w, \/\/aujourdhui.ma\/wp-content\/uploads\/2020\/06\/confinement-Maroc-Covid-19.jpg 746w, \/\/aujourdhui.ma\/wp-content\/uploads\/2020\/06\/confinement-Maroc-Covid-19-165x84.jpg 165w, \/\/aujourdhui.ma\/wp-content\/uploads\/2020\/06\/confinement-Maroc-Covid-19-702x358.jpg 702w\" sizes=\"auto, (max-width: 300px) 100vw, 300px\"><\/p>\n<p>3.043 nouveaux cas soit un cumul de 884.085 cas \u00e0 ce jour.<\/p>\n<p>4.734\u00a0 gu\u00e9risons soit un cumul de\u00a0 823.330 \u00e0 ce jour.<\/p>\n<p>80 nouveaux d\u00e9c\u00e8s donc un cumul de 13.073 \u00e0 ce jour.<span id=\"more-385811\"><\/span><\/p>\n<p><strong>Nombre de personnes vaccin\u00e9es au 5 septembre 16H00<\/strong><\/p>\n<p>1\u00e8re dose :<strong> 19 136 490<br \/>\n<\/strong><\/p>\n<p>2\u00e8me dose :<strong> 15 552 325\u00a0<\/strong><\/p>\n<div class=\"mom_images_grid mom_images_3_cols\">\n<ul class=\"galleryslider\">\n<li class=\"first\"><a href=\"https:\/\/aujourdhui.ma\/wp-content\/uploads\/2021\/09\/05.9.21.COVID-19_Page_1.jpg\" data-title=\"\" title=\"05.9.21.COVID-19_Page_1\"><img decoding=\"async\" alt=\"05.9.21.COVID-19_Page_1\" src=\"https:\/\/linitiative.ca\/International\/wp-content\/uploads\/sites\/23\/2021\/09\/05.9.21.COVID-19_Page_1-746x380-1.jpg\"><\/a><\/li>\n<li class=\"\"><a href=\"https:\/\/aujourdhui.ma\/wp-content\/uploads\/2021\/09\/05.9.21.COVID-19_Page_2.jpg\" data-title=\"\" title=\"05.9.21.COVID-19_Page_2\"><img decoding=\"async\" alt=\"05.9.21.COVID-19_Page_2\" src=\"https:\/\/linitiative.ca\/International\/wp-content\/uploads\/sites\/23\/2021\/09\/05.9.21.COVID-19_Page_2-746x380-1.jpg\"><\/a><\/li>\n<li class=\"last\"><a href=\"https:\/\/aujourdhui.ma\/wp-content\/uploads\/2021\/09\/05.9.21.COVID-19_Page_3.jpg\" data-title=\"\" title=\"05.9.21.COVID-19_Page_3\"><img decoding=\"async\" alt=\"05.9.21.COVID-19_Page_3\" src=\"https:\/\/linitiative.ca\/International\/wp-content\/uploads\/sites\/23\/2021\/09\/05.9.21.COVID-19_Page_3-746x380-1.jpg\"><\/a><\/li>\n<li class=\"first\"><a href=\"https:\/\/aujourdhui.ma\/wp-content\/uploads\/2021\/09\/05.9.21.COVID-19_Page_4.jpg\" data-title=\"\" title=\"05.9.21.COVID-19_Page_4\"><img decoding=\"async\" alt=\"05.9.21.COVID-19_Page_4\" src=\"https:\/\/linitiative.ca\/International\/wp-content\/uploads\/sites\/23\/2021\/09\/05.9.21.COVID-19_Page_4-746x380-1.jpg\"><\/a><\/li>\n<\/ul>\n<\/div>\n<\/div>\n<p>Auteur: ALM<br \/>\n<a href=\"https:\/\/aujourdhui.ma\/societe\/covid19-la-situation-epidemiologique-au-5-septembre-2021-a-16h00\">Cliquez ici pour lire l&rsquo;article depuis sa source.<\/a><\/p>\n","protected":false},"excerpt":{"rendered":"<p>3.043 nouveaux cas soit un cumul de 884.085 cas \u00e0 ce jour. 4.734\u00a0 gu\u00e9risons soit un cumul de\u00a0 823.330 \u00e0 ce jour. 80 nouveaux d\u00e9c\u00e8s donc un cumul de 13.073 \u00e0 ce jour. Nombre de personnes vaccin\u00e9es au 5 septembre 16H00 1\u00e8re dose : 19 136 490 2\u00e8me dose : 15 552 325\u00a0 Auteur: ALM [&hellip;]<\/p>\n","protected":false},"author":1759,"featured_media":0,"comment_status":"closed","ping_status":"closed","sticky":false,"template":"","format":"standard","meta":{"fifu_image_url":"https:\/\/aujourdhui.ma\/wp-content\/uploads\/2020\/06\/confinement-Maroc-Covid-19-300x153.jpg","fifu_image_alt":"Covid19 : La situation \u00e9pid\u00e9miologique au 5 septembre 2021 \u00e0 16H00","footnotes":""},"categories":[73,54],"tags":[],"class_list":["post-126091","post","type-post","status-publish","format-standard","hentry","category-actualite","category-maroc"],"_links":{"self":[{"href":"https:\/\/linitiative.ca\/International\/wp-json\/wp\/v2\/posts\/126091","targetHints":{"allow":["GET"]}}],"collection":[{"href":"https:\/\/linitiative.ca\/International\/wp-json\/wp\/v2\/posts"}],"about":[{"href":"https:\/\/linitiative.ca\/International\/wp-json\/wp\/v2\/types\/post"}],"author":[{"embeddable":true,"href":"https:\/\/linitiative.ca\/International\/wp-json\/wp\/v2\/users\/1759"}],"replies":[{"embeddable":true,"href":"https:\/\/linitiative.ca\/International\/wp-json\/wp\/v2\/comments?post=126091"}],"version-history":[{"count":0,"href":"https:\/\/linitiative.ca\/International\/wp-json\/wp\/v2\/posts\/126091\/revisions"}],"wp:attachment":[{"href":"https:\/\/linitiative.ca\/International\/wp-json\/wp\/v2\/media?parent=126091"}],"wp:term":[{"taxonomy":"category","embeddable":true,"href":"https:\/\/linitiative.ca\/International\/wp-json\/wp\/v2\/categories?post=126091"},{"taxonomy":"post_tag","embeddable":true,"href":"https:\/\/linitiative.ca\/International\/wp-json\/wp\/v2\/tags?post=126091"}],"curies":[{"name":"wp","href":"https:\/\/api.w.org\/{rel}","templated":true}]}}