{"id":126097,"date":"2021-09-05T11:05:31","date_gmt":"2021-09-05T15:05:31","guid":{"rendered":"https:\/\/linitiative.ca\/International\/les-elections-du-8-septembre-un-rendez-vous-a-ne-pas-manquer\/"},"modified":"2021-09-05T11:05:31","modified_gmt":"2021-09-05T15:05:31","slug":"les-elections-du-8-septembre-un-rendez-vous-a-ne-pas-manquer","status":"publish","type":"post","link":"https:\/\/linitiative.ca\/International\/les-elections-du-8-septembre-un-rendez-vous-a-ne-pas-manquer\/","title":{"rendered":"Les \u00e9lections du 8 septembre, un rendez-vous \u00e0 ne pas manquer"},"content":{"rendered":"<div>\n<p class=\"has-text-align-right\"><strong>Par Abdeslam Seddiki<\/strong><\/p>\n<p class=\"has-vivid-cyan-blue-color has-text-color\"><strong>La campagne \u00e9lectorale touche \u00e0 sa fin. Dans quelques jours, voire quelques heures, nous serons tous appel\u00e9s \u00e0 accomplir notre devoir de citoyen pour choisir celle ou celui qui m\u00e9rite notre confiance. Ce moment \u00e9lectoral n\u2019est pas ordinaire.\u00a0 Il compte \u00e9norm\u00e9ment dans la vie de notre\u00a0 pays et de notre peuple.<\/strong><\/p>\n<p>Car au sortir des urnes et apr\u00e8s avoir effectu\u00e9 le comptage des voix, on saura \u00a0l\u2019identit\u00e9 de celles et ceux qui seront \u00e9lus soit\u00a0 pour si\u00e9ger au parlement, soit \u00a0pour avoir un si\u00e8ge au conseil r\u00e9gional et au conseil communal. Qui\u00a0 plus est, on saura le nom du prochain candidat \u00e0 la chefferie du gouvernement et le profil de la nouvelle majorit\u00e9. Fait in\u00e9dit, c\u2019est pour la premi\u00e8re fois, le \u00a0calendrier \u00e9lectoral aidant,\u00a0 qu\u2019on organise trois consultations \u00a0diff\u00e9rentes dans le m\u00eame jour. Pour la premi\u00e8re fois \u00e9galement, le vote se d\u00e9roule en dehors du vendredi. On aura bien s\u00fbr toute la latitude pour \u00e9valuer ces changements pour savoir ce qu\u2019ils ont apport\u00e9 de bon pour notre pays et\u00a0 relever\u00a0 leurs \u00a0limites afin de rectifier le tir \u00e0 l\u2019avenir.<\/p>\n<p>Mais ce qui a marqu\u00e9 le plus ces \u00e9lections, outre l\u2019adoption d\u2019un nouveau quotient \u00e9lectoral, \u00a0c\u2019est le fait qu\u2019elles se soient d\u00e9roul\u00e9es dans un contexte extr\u00eamement difficile, celui\u00a0 de cocid-19 avec toutes les contraintes\u00a0 et restrictions dues au \u00a0respect des mesures pr\u00e9ventives \u00e9dict\u00e9es par les autorit\u00e9s. Il aura fallu\u00a0 aux partis politiques en lice \u00a0\u00a0de s\u2019y adapter. A ce niveau, nous pouvons dire que ces partis ont pu relever le d\u00e9fi\u00a0 en mettant \u00e0 profit les acquis du num\u00e9rique et de l\u2019exp\u00e9rience acquise en mati\u00e8re de travail \u00e0 distance. Ainsi,\u00a0 dans les \u00a0zones urbaines, nous avons \u00a0assist\u00e9 \u00e0 un recours massif \u00e0 l\u2019usage des r\u00e9seaux sociaux pour faire connaitre\u00a0 les candidats et les programmes des diff\u00e9rents partis politiques.\u00a0 Il ne manquera que l\u2019usage du\u00a0 vote \u00e9lectronique\u00a0 pour \u00eatre en harmonie avec ces mutations qualitatives. \u00a0Si les conditions ne sont pas encore r\u00e9unies pour franchir ce pas,\u00a0 Il n\u2019est pas exclu, au rythme avec lequel la soci\u00e9t\u00e9 se num\u00e9rise, de faire ce saut au cours des prochaines\u00a0 \u00e9lections.<\/p>\n<p>Tout le monde attend les r\u00e9sultats d\u00e9finitifs de ces consultations notamment\u00a0 au\u00a0 niveau des l\u00e9gislatives. En l\u2019absence de sondages fiables,\u00a0 chacun y va de\u00a0 ses propres pronostics, en donnant libre\u00a0 cours \u00e0 son imagination et \u00e0 ses pr\u00e9f\u00e9rences.\u00a0 De notre point de vue,\u00a0 nous pensons que ces consultations se joueront sur la base de deux variables qui sont pour le moment des inconnues\u00a0: le taux de participation et le vote sanction.\u00a0 Concernant le taux de participation,\u00a0 il y a des \u00e9l\u00e9ments\u00a0 qui plaident pour un taux \u00e9lev\u00e9 et des \u00e9l\u00e9ments\u00a0 qui\u00a0 plaident pour le contraire. Si on arrive \u00e0 \u00e9galer, voire\u00a0 d\u00e9passer le taux de 2015 (\u00e9lections locales) et de 2016 (l\u00e9gislatives),\u00a0 \u00e7a serait une prouesse pour le pays et un coup de pouce\u00a0 pour les partis appartenant \u00e0 la mouvance d\u00e9mocratique de gauche.\u00a0 Car, faut-il le rappeler, ce sont les partis de gauche, qui\u00a0 ont le plus p\u00e2ti de l\u2019abstention. Les partis de droite g\u00e9n\u00e9ralement riches et b\u00e9n\u00e9ficiant de soutiens\u00a0 massifs \u00a0des milieux de l\u2019argent, comptent sur le march\u00e9 en recrutant des interm\u00e9diaires sp\u00e9cialis\u00e9s dans \u00abl\u2019achat des voix\u00bb. \u00a0De tels \u00a0\u00ab\u00a0partis\u00a0\u00bb n\u2019ont m\u00eame pas besoin de militants\u00a0: juste une enseigne et l\u2019argent fait le reste. C\u2019est monnaie courante au cours des derni\u00e8res l\u00e9gislatures. Et il semble aujourd\u2019hui, d\u2019apr\u00e8s les informations qui circulent \u00e0 ce sujet, que\u00a0 ce march\u00e9\u00a0 \u00e9lectoral, \u00a0ait atteint des proportions in\u00e9dites. C\u2019est \u00e0 celui qui mise le plus de rafler la mise. Pour les organisations \u00a0\u00a0\u00a0relevant de \u00a0la mouvance islamiste, elles ont \u00a0aussi leurs propres\u00a0 moyens de s\u00e9duction\u00a0: la bienfaisance et autres techniques \u00a0\u00abanesth\u00e9siantes\u00bb de la conscience sociale.<\/p>\n<p>Pour ce qui est du vote sanction, eu \u00e9gard \u00e0 la confusion du paysage politique et \u00e0 la motivation du vote, il est g\u00e9n\u00e9ralement limit\u00e9. Il ne peut venir que des \u00e9lecteurs appartenant \u00e0 la classe moyenne et aux personnes \u00e9clair\u00e9es de la soci\u00e9t\u00e9. Or,\u00a0 ce sont ces milieux qui alimentent jusqu\u2019\u00e0 pr\u00e9sent les rangs des abstentionnistes. \u00a0Avec deux millions de nouveaux inscrits\u00a0 sur les listes \u00e9lectorales, en majorit\u00e9 des jeunes, \u00a0peut-on s\u2019attendre\u00a0 \u00e0 un sursaut \u00a0\u00a0qui \u00a0serait de nature \u00e0 cr\u00e9er la surprise et \u00e0 chambouler l\u2019ordre partisan existant?<\/p>\n<p>C\u2019est l\u00e0 o\u00f9 r\u00e9side le grand enjeu de ces \u00e9lections. Il faut que l\u2019ensemble des \u00e9lectrices et \u00e9lecteurs se rendent \u00e0 l\u2019\u00e9vidence que la voix de chacun compte et que\u00a0 l\u2019abstention ne fait que servir les ennemis de la d\u00e9mocratie\u00a0 et de ceux qui se nourrissent du sang et de la sueur du peuple. Faut-il rappeler\u00a0\u00a0 que le droit du vote n\u2019est devenu\u00a0 \u00a0un \u00a0acquis \u00a0d\u00e9mocratique qu\u2019apr\u00e8s de longues et \u00e2pres\u00a0 luttes ayant\u00a0 conduit parfois \u00e0 l\u2019effusion du sang.\u00a0 Et il est bien regrettable de ne pas\u00a0 s\u2019en servir comme il se doit.\u00a0 Boycotter les \u00e9lections, sous pr\u00e9texte que les jeux sont pip\u00e9s, \u00a0que les\u00a0 \u00e9lus n\u2019ont pas de pouvoir r\u00e9el, ou que tous \u00a0les partis seraient\u00a0 domestiqu\u00e9s et \u00a0ne servent plus \u00e0 rien \u2026 n\u2019est pas une position \u00a0\u00a0fond\u00e9e et soutenable.<\/p>\n<p>Au contraire,\u00a0 c\u2019est en votant et en s\u2019exprimant massivement que la volont\u00e9 populaire s\u2019imposera, que l\u2019on pourra\u00a0 combattre toutes les d\u00e9rives constat\u00e9es ici et l\u00e0, que l\u2019on parviendra \u00e0 barrer la route aux acheteurs des voix et aux vendeurs des illusions.\u00a0 \u00a0La d\u00e9mocratie parfaite n\u2019existe nulle part. C\u2019est un combat permanent et un \u00a0processus qui connait des moments de flux\u00a0 et de reflux, des avanc\u00e9es et des reculs. La veille et la vigilance doivent \u00eatre de mise. Le changement est \u00e0 ce prix. En empruntant la seule voie d\u00e9mocratique aussi sinueuse \u00a0soit-elle. \u00a0Celle-ci passe n\u00e9cessairement \u00a0par les urnes. Voil\u00e0 \u00a0un rendez-vous avec l\u2019Histoire \u00e0 ne pas manquer!<\/p>\n<p>L\u2019article <a rel=\"nofollow\" href=\"http:\/\/albayane.press.ma\/les-elections-du-8-septembre-un-rendez-vous-a-ne-pas-manquer.html\">Les \u00e9lections du 8 septembre, un rendez-vous \u00e0 ne pas manquer<\/a> est apparu en premier sur <a rel=\"nofollow\" href=\"http:\/\/albayane.press.ma\/\">ALBAYANE<\/a>.<\/p>\n<\/div>\n<p>Auteur: M&rsquo;hammed rahal<br \/>\n<a href=\"http:\/\/albayane.press.ma\/les-elections-du-8-septembre-un-rendez-vous-a-ne-pas-manquer.html\">Cliquez ici pour lire l&rsquo;article depuis sa source.<\/a><\/p>\n","protected":false},"excerpt":{"rendered":"<p>Par Abdeslam Seddiki La campagne \u00e9lectorale touche \u00e0 sa fin. Dans quelques jours, voire quelques heures, nous serons tous appel\u00e9s \u00e0 accomplir notre devoir de citoyen pour choisir celle ou celui qui m\u00e9rite notre confiance. Ce moment \u00e9lectoral n\u2019est pas ordinaire.\u00a0 Il compte \u00e9norm\u00e9ment dans la vie de notre\u00a0 pays et de notre peuple. Car [&hellip;]<\/p>\n","protected":false},"author":1760,"featured_media":0,"comment_status":"closed","ping_status":"closed","sticky":false,"template":"","format":"standard","meta":{"fifu_image_url":"","fifu_image_alt":"","footnotes":""},"categories":[73,54],"tags":[],"class_list":["post-126097","post","type-post","status-publish","format-standard","hentry","category-actualite","category-maroc"],"_links":{"self":[{"href":"https:\/\/linitiative.ca\/International\/wp-json\/wp\/v2\/posts\/126097","targetHints":{"allow":["GET"]}}],"collection":[{"href":"https:\/\/linitiative.ca\/International\/wp-json\/wp\/v2\/posts"}],"about":[{"href":"https:\/\/linitiative.ca\/International\/wp-json\/wp\/v2\/types\/post"}],"author":[{"embeddable":true,"href":"https:\/\/linitiative.ca\/International\/wp-json\/wp\/v2\/users\/1760"}],"replies":[{"embeddable":true,"href":"https:\/\/linitiative.ca\/International\/wp-json\/wp\/v2\/comments?post=126097"}],"version-history":[{"count":0,"href":"https:\/\/linitiative.ca\/International\/wp-json\/wp\/v2\/posts\/126097\/revisions"}],"wp:attachment":[{"href":"https:\/\/linitiative.ca\/International\/wp-json\/wp\/v2\/media?parent=126097"}],"wp:term":[{"taxonomy":"category","embeddable":true,"href":"https:\/\/linitiative.ca\/International\/wp-json\/wp\/v2\/categories?post=126097"},{"taxonomy":"post_tag","embeddable":true,"href":"https:\/\/linitiative.ca\/International\/wp-json\/wp\/v2\/tags?post=126097"}],"curies":[{"name":"wp","href":"https:\/\/api.w.org\/{rel}","templated":true}]}}