{"id":126098,"date":"2021-09-05T11:07:20","date_gmt":"2021-09-05T15:07:20","guid":{"rendered":"https:\/\/linitiative.ca\/International\/ne-repetez-pas-la-meme-erreur-de-ceux-qui-ont-tourne-le-dos-a-la-politique\/"},"modified":"2021-09-05T11:07:20","modified_gmt":"2021-09-05T15:07:20","slug":"ne-repetez-pas-la-meme-erreur-de-ceux-qui-ont-tourne-le-dos-a-la-politique","status":"publish","type":"post","link":"https:\/\/linitiative.ca\/International\/ne-repetez-pas-la-meme-erreur-de-ceux-qui-ont-tourne-le-dos-a-la-politique\/","title":{"rendered":"\u00abNe r\u00e9p\u00e9tez pas la m\u00eame erreur de ceux qui ont tourn\u00e9 le dos \u00e0 la politique\u00bb"},"content":{"rendered":"<div>\n<p class=\"has-text-align-center\"><strong>Benabdallah \u00e0 la rencontre des jeunes<\/strong><\/p>\n<p class=\"has-text-color\" style=\"color:#064ae5\"><strong>Le Secr\u00e9taire G\u00e9n\u00e9ral du Parti du Progr\u00e8s et du Socialisme, Mohammed Nabil Benabdallah a lanc\u00e9 un nouvel appel solennel aux jeunes \u00e0 aller voter massivement lors du triple scrutin du 8 septembre courant (communal, r\u00e9gional et parlementaire) pour contribuer \u00e0 l\u2019\u00e9mergence d\u2019un Maroc nouveau, \u00a0o\u00f9 il fait bon vivre pour tous dans la dignit\u00e9, la prosp\u00e9rit\u00e9 et la libert\u00e9.<\/strong><\/p>\n<p>\u00abNe r\u00e9p\u00e9tez pas la m\u00eame erreur que ceux qui tournent le dos \u00e0 la politique, qui estiment \u00e0 tord qu\u2019il n\u2019y a rien \u00e0 attendre de tous ces partis politiques qui se ressemblent\u00bb, a-t-il dit lors d\u2019une rencontre avec les jeunes, organis\u00e9e vendredi soir 3 septembre au si\u00e8ge national du parti \u00e0 Rabat, sous la mod\u00e9ration du directeur du site Alyaoum 24, Abdelhak Belachgar.<\/p>\n<p>Les \u00e9lections du 8 septembre offrent l\u2019occasion de participer \u00e0 cette \u0153uvre d\u2019\u00e9dification du Maroc auquel on aspire et de donner un souffle nouveau au processus d\u00e9mocratique en cours, a-t-il expliqu\u00e9, rappelant que les listes \u00e9lectorales actualis\u00e9es de 2021 comptent d\u00e9sormais quelque 18 millions d\u2019inscrits, parmi lesquels quelque 8 millions vont peut \u00eatre voter et que 10 millions d\u2019autres vont s\u2019abstenir de le faire.<\/p>\n<p class=\"has-vivid-red-color has-text-color\"><strong>Une Surprise PPS est pr\u00e9visible<\/strong><\/p>\n<p>Tout ce que le PPS esp\u00e8re, c\u2019est que 3 ou 4 millions de ces abstentionnistes d\u00e9cident d\u2019abandonner leur position passive et d\u2019aller voter pour des partis progressistes comme le PPS qui aspirent au changement et \u00e0 la d\u00e9mocratie et qui sont capables de constituer un gouvernement fort, dirig\u00e9 par un homme ou une femme politique \u00e0 la hauteur des ambitions des jeunes.<\/p>\n<p>Il a toutefois fait remarquer que si l\u2019on continue de bouder la politique et les \u00e9lections et laisser le champ libre \u00e0 ceux qui ont un r\u00e9f\u00e9rentiel de confr\u00e9rie ou ceux qui ach\u00e8tent les consciences \u00e0 travers l\u2019utilisation massive de l\u2019argent, il ne faut pas s\u2019attendre \u00e0 un gouvernement diff\u00e9rent de l\u2019ex\u00e9cutif sortant, que le PPS a \u00e9t\u00e9 contraint de quitter pour protester contre les d\u00e9rives de toutes ses composantes.<\/p>\n<p>Selon lui, il s\u2019agit du plus faible gouvernement que le pays ait connu depuis l\u2019ind\u00e9pendance. Ses composantes ont fait de lui un gouvernement rong\u00e9 de l\u2019int\u00e9rieur par d\u2019incessantes querelles intestines depuis sa naissance. Les partis politiques de la majorit\u00e9 gouvernementale ont pass\u00e9 quatre ans \u00e0 se disputer et \u00e0 s\u2019\u00e9changer les coups et les accusations au lieu de mettre en \u0153uvre les projets de r\u00e9formes pr\u00e9vus. A part les \u00e9lections de 2021, rien n\u2019int\u00e9ressait ces partis politiques, dont les agissements \u00a0ont contribu\u00e9 \u00e0 faire perdre aux citoyens leur confiance dans les institutions du pays et l\u2019action politique.<\/p>\n<p>Depuis 2017, ils ont perdu tout leur temps dans les conflits st\u00e9riles et les pr\u00e9paratifs des \u00e9lections de 2021. Ils n\u2019ont pas d\u00e9cid\u00e9 de participer au gouvernement sortant pour travailler ensemble en vue de mettre en \u0153uvre les dispositions de la Constitution de 2011, les r\u00e9formes de l\u2019enseignement et de la sant\u00e9, renforcer l\u2019espace des libert\u00e9s et de la d\u00e9mocratie, r\u00e9soudre le probl\u00e8me des r\u00e9gimes de retraite, lutter contre la corruption, r\u00e9gler les grands dossiers et r\u00e9aliser les grandes r\u00e9formes, mais pour bloquer la bonne marche des affaires gouvernementales au d\u00e9triment de l\u2019int\u00e9r\u00eat du pays et des couches sociales, afin de pr\u00e9parer le terrain pour remporter les \u00e9lections de 2021.<\/p>\n<p>Aucun membre de la majorit\u00e9 gouvernementale sortante n\u2019est en mesure d\u2019affirmer aujourd\u2019hui que le gouvernement a, \u00e0 son compte, une quelconque grande r\u00e9forme, qu\u2019il a r\u00e9alis\u00e9e. Et c\u2019est ce qui explique la col\u00e8re des larges couches sociales et la sortie du PPS, a-t-il ajout\u00e9.<\/p>\n<p>C\u2019est pourquoi, il est du devoir des jeunes d\u2019aller voter le jour du triple scrutin pour assurer l\u2019\u00e9mergence d\u2019un gouvernement fort, capable de porter et de mettre en \u0153uvre les dispositions de la constitution de 2011 et les approches du nouveau mod\u00e8le de d\u00e9veloppement pour r\u00e9pondre \u00e0 leurs attentes.<\/p>\n<p>Pour ce qui le concerne, a-t-il affirm\u00e9, le PPS ne compte ni sur l\u2019argent, ni sur le devoir d\u00fb \u00e0 la confr\u00e9rie pour l\u2019emporter. Il ne compte que sur les voix d\u2019honn\u00eates des citoyennes et citoyens porteurs de nobles valeurs, principes et id\u00e9aux pour que le parti puisse continuer sa lutte avec un groupe parlementaire et en tant que force de proposition politique tr\u00e8s dynamique dans le paysage politique du pays.<\/p>\n<p>Au-del\u00e0 de toutes les consid\u00e9rations, le PPS aspire \u00e0 r\u00e9aliser des scores qui lui permettront donc d\u2019\u00eatre dans les premiers rangs (les 5 premiers), mais cela n\u2019exclut pas la possibilit\u00e9 pour le parti du Livre de cr\u00e9er la surprise dans le cas d\u2019une forte participation des jeunes en particulier.<\/p>\n<p class=\"has-vivid-red-color has-text-color\"><strong>La r\u00e9habilitation du r\u00f4le de la presse,\u00a0partie int\u00e9grante du grand chantier d\u00e9mocratique<\/strong><\/p>\n<p>R\u00e9agissant aux pr\u00e9occupations des jeunes ayant pris part \u00e0 ce d\u00e9bat, le SG du PPS a rappel\u00e9 que le parti du Livre appelle depuis son dernier congr\u00e8s national \u00e0 insuffler un nouveau souffle d\u00e9mocratique pour cr\u00e9er les conditions requises \u00e0 un meilleur essor de tous les secteurs dont celui de la presse. Le parti part en effet du principe que la mise en place et la r\u00e9alisation de tout nouveau mod\u00e8le de d\u00e9veloppement n\u00e9cessitent des institutions fortes, des partis politiques forts et une soci\u00e9t\u00e9 civile dynamique sans oublier le r\u00f4le que doit jouer la presse, qu\u2019il importe de renforcer pour qu\u2019elle puisse porter, expliquer, sensibiliser l\u2019opinion publique et la mobiliser autour de la justesse des objectifs d\u00e9finis.<\/p>\n<p>La presse doit jouir de la libert\u00e9 requise \u00e0 l\u2019exercice de sa mission dans un espace d\u00e9mocratique qui permet \u00e0 tout journaliste de travailler sans avoir peur d\u2019\u00eatre arr\u00eat\u00e9, subir des pressions ou faire l\u2019objet de poursuites judiciaires ou autres.<\/p>\n<p>Il a estim\u00e9 aussi que la r\u00e9habilitation du r\u00f4le de la presse au Maroc fait partie du m\u00eame chantier qui concerne la r\u00e9habilitation du paysage politique et des partis politiques. C\u2019est un processus li\u00e9 \u00e0 l\u2019\u00e9volution de l\u2019espace d\u00e9mocratique dans son ensemble.<\/p>\n<p>La r\u00e9habilitation du secteur requiert aussi des journalistes qui exercent librement dans le respect de leur dignit\u00e9 et qui d\u00e9fendent leur profession.<\/p>\n<p>Evoquant la question d\u2019encadrement de la presse, il a rappel\u00e9 avoir recommand\u00e9, quand il \u00e9tait ministre charg\u00e9 du secteur de la communication, la cr\u00e9ation d\u2019un conseil sup\u00e9rieur de la presse, comme cela existe dans d\u2019autres pays comme le Canada, la Suisse ou encore la Belgique.<\/p>\n<p>Avec un tel conseil, on n\u2019aurait pas besoin de tribunaux ou de syndicat. C\u2019est lui qui \u00e9met des jugements contre les journalistes qui violent les r\u00e8gles de d\u00e9ontologie.<\/p>\n<p>Dans les pays dot\u00e9s d\u2019un tel syst\u00e8me, tout journaliste qui aurait \u00e9t\u00e9 vis\u00e9 par une d\u00e9cision \u00e9mise par lui, serait marqu\u00e9 \u00e0 vie. Pour y parvenir, on aura besoin d\u2019une soci\u00e9t\u00e9 \u00e9volu\u00e9e sur les plans d\u00e9mocratique, culturel et en mati\u00e8re d\u2019\u00e9galit\u00e9 homme-femme, une soci\u00e9t\u00e9 qui consacre la valeur de la libert\u00e9 et dans le m\u00eame temps de la responsabilit\u00e9 pour respecter l\u2019autre. Il s\u2019agit pour la soci\u00e9t\u00e9 d\u2019\u0153uvrer pour vivre dans un espace de respect mutuel des uns et des autres, des donn\u00e9es personnelles et de la vie priv\u00e9e des citoyennes et des citoyens.<\/p>\n<p>\u00ab\u00a0En ce qui me concerne, je penche plut\u00f4t vers cette solution, au lieu des poursuites judiciaires et des proc\u00e8s, dont l\u2019usage risque de nuire \u00e0 la construction d\u00e9mocratique dans le pays\u00a0\u00bb, a-t-il dit.<\/p>\n<p class=\"has-vivid-red-color has-text-color\"><strong>La couverture sociale requiert l\u2019int\u00e9gration du secteur informel<\/strong><\/p>\n<p>Interrog\u00e9 au sujet des r\u00e9percussions de la crise de la pand\u00e9mie de la Covid-19 sur les diff\u00e9rentes couches sociales, il a indiqu\u00e9 qu\u2019au d\u00e9but de la pand\u00e9mie, le PPS avait demand\u00e9 au gouvernement de soutenir les personnes impact\u00e9es comme les marchands ambulants, les traiteurs et leurs salari\u00e9es, etc.<\/p>\n<p>Le Secr\u00e9taire G\u00e9n\u00e9ral a toutefois fait remarquer que ce soutien ne doit pas constituer une solution d\u00e9finitive de leur situation, qui requiert plut\u00f4t une couverture sociale universelle, telle que pr\u00e9vu dans le projet royal lanc\u00e9. Pour le PPS, ce projet r\u00e9pond \u00e0 une de ses revendications principales qu\u2019il d\u00e9fend depuis une longue date.<\/p>\n<p>Tout Marocain, selon ce projet, qui exerce une activit\u00e9 ou mis \u00e0 la retraite, ou se trouve dans une situation de pr\u00e9carit\u00e9, doit avoir une couverture sociale.<\/p>\n<p>Pour ceux qui n\u2019ont aucune source de revenu, ils doivent avoir un minimum de revenu de 1000 DH.<\/p>\n<p>Le PPS propose aussi que les jeunes en qu\u00eate d\u2019emploi b\u00e9n\u00e9ficient d\u2019un certain soutien. Il d\u00e9fend aussi comme il l\u2019avait fait d\u2019accorder aux gens une indemnit\u00e9 pour perte d\u2019emploi dont le PPS est l\u2019initiateur.<\/p>\n<p>Mais ce qui est inqui\u00e9tant, \u00e0 pr\u00e9sent, c\u2019est la diminution du nombre d\u2019inscrits \u00e0 la CNSS. Selon des donn\u00e9es officielles, un million d\u2019affili\u00e9s ne le sont plus et qui s\u2019ajoutent \u00e0 14 ou 16 millions d\u2019autres personnes actives dans le secteur informel et qui ne sont pas inscrits \u00e0 la CNSS.<\/p>\n<p class=\"has-vivid-red-color has-text-color\"><strong>Le pays doit se doter d\u2019une \u00e9conomie forte<\/strong><\/p>\n<p>Interrog\u00e9 au sujet du ch\u00f4mage des jeunes dipl\u00f4m\u00e9s, il a affirm\u00e9 que le pays doit \u0153uvrer pour se doter d\u2019une \u00e9conomie forte capable de cr\u00e9er des opportunit\u00e9s d\u2019emploi en quantit\u00e9 suffisante (200.000 emplois par an). C\u2019est la condition n\u00e9cessaire pour \u00e9ponger en premier le\u00a0ch\u00f4mage existant et \u00eatre en mesure de cr\u00e9er des postes d\u2019emploi pour les jeunes laur\u00e9ats.<\/p>\n<p>Pour y parvenir, le programme du parti insiste sur l\u2019industrialisation, le d\u00e9veloppement de l\u2019\u00e9conomie num\u00e9rique, la promotion de l\u2019\u00e9cologie et le lancement du \u00a0chantier des grands travaux y compris les travaux \u00a0communautaires pour employer localement un grand nombre de personnes sans oublier la lutte contre l\u2019analphab\u00e9tisme. En mati\u00e8re d\u2019enseignement et de sant\u00e9, le pays a besoin d\u2019un corps enseignant et sanitaire de haut niveau. Les enseignants doivent avoir la responsabilit\u00e9 d\u2019offrir la meilleure \u00e9ducation possible aux g\u00e9n\u00e9rations montantes, a-t-il dit.<\/p>\n<p>Le PPS propose aussi de cr\u00e9er une universit\u00e9 et un CHU dans chaque r\u00e9gion pour r\u00e9duire les disparit\u00e9s r\u00e9gionales et d\u00e9velopper davantage les services de proximit\u00e9 pour le bien de tous.<\/p>\n<p class=\"has-text-align-right\"><strong>M\u2019Barek Tafsi<\/strong><\/p>\n<p>L\u2019article <a rel=\"nofollow\" href=\"http:\/\/albayane.press.ma\/ne-repetez-pas-la-meme-erreur-de-ceux-qui-ont-tourne-le-dos-a-la-politique.html\">\u00abNe r\u00e9p\u00e9tez pas la m\u00eame erreur de ceux qui ont tourn\u00e9 le dos \u00e0 la politique\u00bb<\/a> est apparu en premier sur <a rel=\"nofollow\" href=\"http:\/\/albayane.press.ma\/\">ALBAYANE<\/a>.<\/p>\n<\/div>\n<p>Auteur: M&rsquo;hammed rahal<br \/>\n<a href=\"http:\/\/albayane.press.ma\/ne-repetez-pas-la-meme-erreur-de-ceux-qui-ont-tourne-le-dos-a-la-politique.html\">Cliquez ici pour lire l&rsquo;article depuis sa source.<\/a><\/p>\n","protected":false},"excerpt":{"rendered":"<p>Benabdallah \u00e0 la rencontre des jeunes Le Secr\u00e9taire G\u00e9n\u00e9ral du Parti du Progr\u00e8s et du Socialisme, Mohammed Nabil Benabdallah a lanc\u00e9 un nouvel appel solennel aux jeunes \u00e0 aller voter massivement lors du triple scrutin du 8 septembre courant (communal, r\u00e9gional et parlementaire) pour contribuer \u00e0 l\u2019\u00e9mergence d\u2019un Maroc nouveau, \u00a0o\u00f9 il fait bon vivre [&hellip;]<\/p>\n","protected":false},"author":1760,"featured_media":0,"comment_status":"closed","ping_status":"closed","sticky":false,"template":"","format":"standard","meta":{"fifu_image_url":"","fifu_image_alt":"","footnotes":""},"categories":[73,54],"tags":[],"class_list":["post-126098","post","type-post","status-publish","format-standard","hentry","category-actualite","category-maroc"],"_links":{"self":[{"href":"https:\/\/linitiative.ca\/International\/wp-json\/wp\/v2\/posts\/126098","targetHints":{"allow":["GET"]}}],"collection":[{"href":"https:\/\/linitiative.ca\/International\/wp-json\/wp\/v2\/posts"}],"about":[{"href":"https:\/\/linitiative.ca\/International\/wp-json\/wp\/v2\/types\/post"}],"author":[{"embeddable":true,"href":"https:\/\/linitiative.ca\/International\/wp-json\/wp\/v2\/users\/1760"}],"replies":[{"embeddable":true,"href":"https:\/\/linitiative.ca\/International\/wp-json\/wp\/v2\/comments?post=126098"}],"version-history":[{"count":0,"href":"https:\/\/linitiative.ca\/International\/wp-json\/wp\/v2\/posts\/126098\/revisions"}],"wp:attachment":[{"href":"https:\/\/linitiative.ca\/International\/wp-json\/wp\/v2\/media?parent=126098"}],"wp:term":[{"taxonomy":"category","embeddable":true,"href":"https:\/\/linitiative.ca\/International\/wp-json\/wp\/v2\/categories?post=126098"},{"taxonomy":"post_tag","embeddable":true,"href":"https:\/\/linitiative.ca\/International\/wp-json\/wp\/v2\/tags?post=126098"}],"curies":[{"name":"wp","href":"https:\/\/api.w.org\/{rel}","templated":true}]}}