{"id":126102,"date":"2021-09-05T11:35:35","date_gmt":"2021-09-05T15:35:35","guid":{"rendered":"https:\/\/linitiative.ca\/International\/le-livre-compte-pas-moins-de-25-femmes-tetes-de-listes-locales-et-regionales\/"},"modified":"2021-09-05T11:35:35","modified_gmt":"2021-09-05T15:35:35","slug":"le-livre-compte-pas-moins-de-25-femmes-tetes-de-listes-locales-et-regionales","status":"publish","type":"post","link":"https:\/\/linitiative.ca\/International\/le-livre-compte-pas-moins-de-25-femmes-tetes-de-listes-locales-et-regionales\/","title":{"rendered":"Le Livre compte pas moins de 25 femmes t\u00eates de listes locales et r\u00e9gionales"},"content":{"rendered":"<div>\n<p class=\"has-vivid-cyan-blue-color has-text-color\">Le Secr\u00e9taire g\u00e9n\u00e9ral du Parti du Progr\u00e8s et du Socialisme (PPS), Mohamed Nabil Benabdallah a indiqu\u00e9 que plus de 25 femmes candidates aux \u00e9lections du 8 septembre figurent en t\u00eate des listes dans des circonscriptions locales et r\u00e9gionales.<\/p>\n<p>\u00a0\u00bbNotre parti accorde toute sa confiance aux femmes et place la parit\u00e9 au c\u0153ur de ses priorit\u00e9s. Joignant l\u2019acte \u00e0 la parole, nous avons accord\u00e9 notre accr\u00e9ditation \u00e0 pas moins de 25 femmes t\u00eates de liste dans les circonscriptions locales et r\u00e9gionales, outre un grand nombre de jeunes candidats et ce, dans la perspective d\u2019un rajeunissement du personnel politique propice \u00e0 l\u2019\u00e9mergence de nouvelles \u00e9lites\u00a0\u00bb, a-t-il assur\u00e9.<\/p>\n<p>\u00a0\u00bbNous avons aussi accr\u00e9dit\u00e9 les candidatures de plus de 5.000 femmes dont une centaine en qualit\u00e9 de t\u00eates de liste dans les circonscriptions locales\u00a0\u00bb, a-t-il fait savoir, avant de souligner que son parti consid\u00e8re que \u00a0\u00bble nouveau mod\u00e8le de d\u00e9veloppement ne peut rencontr\u00e9 le succ\u00e8s sans une r\u00e9elle \u00e9galit\u00e9 entre Homme et Femme sur le plan de la repr\u00e9sentativit\u00e9 politique et aussi dans le domaine de l\u2019administration, outre l\u2019\u00e9galit\u00e9 salariale, la participation des femmes \u00e0 la prise des d\u00e9cisions, l\u2019\u00e9galit\u00e9 en droits dans les domaines social et culturel ou encore la r\u00e9vision du code de la famille\u00a0\u00bb.<\/p>\n<p>Concernant les pr\u00e9paratifs de son parti pour relever le challenge de ce scrutin majeur, il a fait \u00e9tat d\u2019un programme \u00e9lectoral pertinent adoss\u00e9 \u00e0 la r\u00e9alit\u00e9, fruit de plusieurs mois de r\u00e9flexion et d\u2019\u00e9change et aussi \u00e0 travers la mobilisation de toutes les composantes et structures du parti pour \u00eatre pr\u00eats le jour de la bataille \u00e9lectorale.<\/p>\n<p>\u00a0\u00bbCela dit, le PPS n\u2019est pas un parti politique saisonnier, pr\u00e9sent seulement lors des rendez-vous \u00e9lectoraux. Bien plus, c\u2019est un parti qui couvre l\u2019ensemble du territoire national et dispose d\u2019organisations f\u00e9minines et de jeunesse ainsi que diff\u00e9rentes autres sections. C\u2019est pourquoi nous avons mis beaucoup de temps \u00e0 choisir les meilleurs candidats et candidates possibles selon des crit\u00e8res rigoureux \u00e0 savoir l\u2019int\u00e9grit\u00e9 et la comp\u00e9tence\u00a0\u00bb, a-t-il fait remarquer.<\/p>\n<p>Visiblement serein et confiant, M. Benabdallah d\u00e9clare que son parti table sur le doublement de sa pr\u00e9sence num\u00e9rique dans les conseils \u00e9lus.<\/p>\n<p>\u00a0\u00bbUn challenge r\u00e9alisable \u00e0 en croire les \u00e9chos qui nous parviennent. Et il est m\u00eame probable que notre parti occupe des places en haut du tableau \u00e0 l\u2019annonce du verdict des urnes et cr\u00e9er la surprise. Un succ\u00e8s \u00e9lectoral possible \u00e0 condition, bien s\u00fbr, que le taux de participation soit \u00e9lev\u00e9\u00a0\u00bb, dit-il, avant de confier son parti n\u2019a pas l\u2019intention de rester \u00e9ternellement dans l\u2019opposition car comme chaque formation politique, les \u00e9lections sont une occasion de renforcer son positionnement politique et d\u2019acc\u00e9der au pouvoir.<\/p>\n<p>\u00c9voquant la question des alliances, il estime qu\u2019elle demeure tributaire de l\u2019id\u00e9ologie des partis partenaires qui doivent \u00eatre de la m\u00eame mouvance avant-gardiste, nationaliste et de gauche. Il n\u2019exclut pas aussi la possibilit\u00e9 de faire alliances avec les partis qui partagent avec le PPS les m\u00eames orientations contenues dans son programme \u00e9lectoral, lequel place l\u2019\u00e9l\u00e9ment humain au c\u0153ur du processus de d\u00e9veloppement et plaide pour une \u00e9conomie forte soutenue par un interventionnisme \u00e9tatique adapt\u00e9, la promotion des investissements publics, le renforcement de la d\u00e9mocratie, le respect des libert\u00e9s et de la parit\u00e9 ou encore la r\u00e9vision du code p\u00e9nal.<\/p>\n<p>En relation avec le programme \u00e9lectoral de son parti, M. Benabdallah a estim\u00e9 qu\u2019il refl\u00e8te la vision du PPS pour les cinq prochaines ann\u00e9es de la mandature du prochain gouvernement.<\/p>\n<p>\u00a0\u00bbIl s\u2019agit d\u2019un programme qui a \u00e9t\u00e9 con\u00e7u sur la base de notre exp\u00e9rience politique et d\u2019une r\u00e9flexion collective autour des grandes questions d\u2019actualit\u00e9, notamment les d\u00e9fis pos\u00e9s par la flamb\u00e9e de l\u2019\u00e9pid\u00e9mie du Covid-19, ses r\u00e9percussions socio-\u00e9conomiques et son impact sur la sant\u00e9 publique\u00a0\u00bb, a-t-il soulign\u00e9.<\/p>\n<p>Tout en relevant les limites de l\u2019\u00e9conomie de march\u00e9 et du lib\u00e9ralisme d\u00e9brid\u00e9, M. Benabdallah a not\u00e9 que cette pand\u00e9mie a montr\u00e9 le r\u00f4le protectionniste primordial de l\u2019\u00c9tat face \u00e0 une crise d\u2019une telle ampleur, et ce, m\u00eame dans les pays ultra lib\u00e9raux.<\/p>\n<p>D\u2019o\u00f9, pour lui, l\u2019absolue n\u00e9cessit\u00e9 d\u2019un \u00c9tat fort s\u2019appuyant sur ses institutions et ses valeurs d\u00e9mocratiques, une vision d\u2019ailleurs contenue dans le nouveau mod\u00e8le de d\u00e9veloppement.<\/p>\n<p>\u00a0\u00bbNous recommandons, \u00e0 ce propos, plus d\u2019interventionnisme \u00e9tatique pour promouvoir les investissements dans des secteurs porteurs, notamment dans les domaines de l\u2019industrie, la digitalisation ou encore l\u2019\u00e9conomie verte, outre la promotion du produit national et le renforcement des entreprises marocaines \u00e0 travers des participations publiques au capital, et donnant la pr\u00e9f\u00e9rence aux produits locaux\u00a0\u00bb, plaide-t-il.<\/p>\n<p>M. Benabdallah n\u2019a pas manqu\u00e9, au final, d\u2019appeler les \u00e9lecteurs \u00e0 voter en faveur de candidats int\u00e8gres et comp\u00e9tents disposant d\u2019un programme ambitieux. Et aussi \u00e0 voter massivement car le scrutin du 8 septembre repr\u00e9sente, \u00e0 ses yeux, un tournant dans la vie politique nationale.<\/p>\n<p>L\u2019article <a rel=\"nofollow\" href=\"http:\/\/albayane.press.ma\/le-livre-compte-pas-moins-de-25-femmes-tetes-de-listes-locales-et-regionales.html\">Le Livre compte pas moins de 25 femmes t\u00eates de listes locales et r\u00e9gionales<\/a> est apparu en premier sur <a rel=\"nofollow\" href=\"http:\/\/albayane.press.ma\/\">ALBAYANE<\/a>.<\/p>\n<\/div>\n<p>Auteur: M&rsquo;hammed rahal<br \/>\n<a href=\"http:\/\/albayane.press.ma\/le-livre-compte-pas-moins-de-25-femmes-tetes-de-listes-locales-et-regionales.html\">Cliquez ici pour lire l&rsquo;article depuis sa source.<\/a><\/p>\n","protected":false},"excerpt":{"rendered":"<p>Le Secr\u00e9taire g\u00e9n\u00e9ral du Parti du Progr\u00e8s et du Socialisme (PPS), Mohamed Nabil Benabdallah a indiqu\u00e9 que plus de 25 femmes candidates aux \u00e9lections du 8 septembre figurent en t\u00eate des listes dans des circonscriptions locales et r\u00e9gionales. \u00a0\u00bbNotre parti accorde toute sa confiance aux femmes et place la parit\u00e9 au c\u0153ur de ses priorit\u00e9s. [&hellip;]<\/p>\n","protected":false},"author":1760,"featured_media":0,"comment_status":"closed","ping_status":"closed","sticky":false,"template":"","format":"standard","meta":{"fifu_image_url":"","fifu_image_alt":"","footnotes":""},"categories":[73,54],"tags":[],"class_list":["post-126102","post","type-post","status-publish","format-standard","hentry","category-actualite","category-maroc"],"_links":{"self":[{"href":"https:\/\/linitiative.ca\/International\/wp-json\/wp\/v2\/posts\/126102","targetHints":{"allow":["GET"]}}],"collection":[{"href":"https:\/\/linitiative.ca\/International\/wp-json\/wp\/v2\/posts"}],"about":[{"href":"https:\/\/linitiative.ca\/International\/wp-json\/wp\/v2\/types\/post"}],"author":[{"embeddable":true,"href":"https:\/\/linitiative.ca\/International\/wp-json\/wp\/v2\/users\/1760"}],"replies":[{"embeddable":true,"href":"https:\/\/linitiative.ca\/International\/wp-json\/wp\/v2\/comments?post=126102"}],"version-history":[{"count":0,"href":"https:\/\/linitiative.ca\/International\/wp-json\/wp\/v2\/posts\/126102\/revisions"}],"wp:attachment":[{"href":"https:\/\/linitiative.ca\/International\/wp-json\/wp\/v2\/media?parent=126102"}],"wp:term":[{"taxonomy":"category","embeddable":true,"href":"https:\/\/linitiative.ca\/International\/wp-json\/wp\/v2\/categories?post=126102"},{"taxonomy":"post_tag","embeddable":true,"href":"https:\/\/linitiative.ca\/International\/wp-json\/wp\/v2\/tags?post=126102"}],"curies":[{"name":"wp","href":"https:\/\/api.w.org\/{rel}","templated":true}]}}