{"id":126103,"date":"2021-09-05T08:40:00","date_gmt":"2021-09-05T12:40:00","guid":{"rendered":"https:\/\/linitiative.ca\/International\/fin-de-fonctions-du-sg-et-du-directeur-general-des-sports-du-mjs\/"},"modified":"2021-09-05T08:40:00","modified_gmt":"2021-09-05T12:40:00","slug":"fin-de-fonctions-du-sg-et-du-directeur-general-des-sports-du-mjs","status":"publish","type":"post","link":"https:\/\/linitiative.ca\/International\/fin-de-fonctions-du-sg-et-du-directeur-general-des-sports-du-mjs\/","title":{"rendered":"Fin de fonctions du SG et du directeur g\u00e9n\u00e9ral des Sports du MJS"},"content":{"rendered":"<div>Le Secr\u00e9taire g\u00e9n\u00e9ral du minist\u00e8re de la Jeunesse et des sports et le directeur g\u00e9n\u00e9ral des Sports au m\u00eame minist\u00e8re ont \u00e9t\u00e9 d\u00e9mis de leurs fonctions par le Premier ministre, A\u00efmene Benabderrahmane&#8230;<\/div>\n<p>Auteur:<br \/>\n<a href=\"https:\/\/www.liberte-algerie.com\/actualite\/fin-de-fonctions-du-sg-et-du-directeur-general-des-sports-du-mjs-364462\">Cliquez ici pour lire l&rsquo;article depuis sa source.<\/a><\/p>\n","protected":false},"excerpt":{"rendered":"<p>Le Secr\u00e9taire g\u00e9n\u00e9ral du minist\u00e8re de la Jeunesse et des sports et le directeur g\u00e9n\u00e9ral des Sports au m\u00eame minist\u00e8re ont \u00e9t\u00e9 d\u00e9mis de leurs fonctions par le Premier ministre, A\u00efmene Benabderrahmane&#8230; Auteur: Cliquez ici pour lire l&rsquo;article depuis sa source.<\/p>\n","protected":false},"author":1742,"featured_media":0,"comment_status":"closed","ping_status":"closed","sticky":false,"template":"","format":"standard","meta":{"fifu_image_url":"","fifu_image_alt":"","footnotes":""},"categories":[73,53],"tags":[],"class_list":["post-126103","post","type-post","status-publish","format-standard","hentry","category-actualite","category-algerie"],"_links":{"self":[{"href":"https:\/\/linitiative.ca\/International\/wp-json\/wp\/v2\/posts\/126103","targetHints":{"allow":["GET"]}}],"collection":[{"href":"https:\/\/linitiative.ca\/International\/wp-json\/wp\/v2\/posts"}],"about":[{"href":"https:\/\/linitiative.ca\/International\/wp-json\/wp\/v2\/types\/post"}],"author":[{"embeddable":true,"href":"https:\/\/linitiative.ca\/International\/wp-json\/wp\/v2\/users\/1742"}],"replies":[{"embeddable":true,"href":"https:\/\/linitiative.ca\/International\/wp-json\/wp\/v2\/comments?post=126103"}],"version-history":[{"count":0,"href":"https:\/\/linitiative.ca\/International\/wp-json\/wp\/v2\/posts\/126103\/revisions"}],"wp:attachment":[{"href":"https:\/\/linitiative.ca\/International\/wp-json\/wp\/v2\/media?parent=126103"}],"wp:term":[{"taxonomy":"category","embeddable":true,"href":"https:\/\/linitiative.ca\/International\/wp-json\/wp\/v2\/categories?post=126103"},{"taxonomy":"post_tag","embeddable":true,"href":"https:\/\/linitiative.ca\/International\/wp-json\/wp\/v2\/tags?post=126103"}],"curies":[{"name":"wp","href":"https:\/\/api.w.org\/{rel}","templated":true}]}}