{"id":126110,"date":"2021-09-05T03:10:50","date_gmt":"2021-09-05T07:10:50","guid":{"rendered":"https:\/\/linitiative.ca\/International\/previsions-meteorologiques-pour-le-dimanche-05-septembre\/"},"modified":"2021-09-05T03:10:50","modified_gmt":"2021-09-05T07:10:50","slug":"previsions-meteorologiques-pour-le-dimanche-05-septembre","status":"publish","type":"post","link":"https:\/\/linitiative.ca\/International\/previsions-meteorologiques-pour-le-dimanche-05-septembre\/","title":{"rendered":"Pr\u00e9visions m\u00e9t\u00e9orologiques pour le dimanche 05 septembre"},"content":{"rendered":"<div>\n<div style=\"margin-bottom:20px;\"><img loading=\"lazy\" decoding=\"async\" width=\"750\" height=\"430\" src=\"https:\/\/linitiative.ca\/International\/wp-content\/uploads\/sites\/23\/2021\/09\/soleil.eco_-1-1.jpg\" class=\"attachment-post-thumbnail size-post-thumbnail wp-post-image\" alt=\"\" srcset=\"https:\/\/linitiative.ca\/International\/wp-content\/uploads\/sites\/23\/2021\/09\/soleil.eco_-1-1.jpg 750w, http:\/\/www.mapmarrakech.ma\/map\/uploads\/2021\/09\/soleil.eco_-1-1-300x172.jpg 300w\" sizes=\"auto, (max-width: 750px) 100vw, 750px\"><\/div>\n<p>\u2013\u00a0Temps assez chaud sur les plaines int\u00e9rieures Nord et Centre, le Souss, le Sud-Est et\u00a0l\u2019int\u00e9rieur des provinces Sud.<\/p>\n<p>\u2013 Nuages bas matinaux et nocturnes avec formations brumeuses pr\u00e8s des c\u00f4tes.<\/p>\n<p>\u2013 Quelques nuages cumuliformes et l\u00e9g\u00e8rement instables, l\u2019apr\u00e8s-midi, sur le Haut et le\u00a0Moyen Atlas, le Sud-Est et le Sud de l\u2019Oriental.<\/p>\n<p>\u2013 Vent mod\u00e9r\u00e9 \u00e0 assez fort d\u2019est sur le Tang\u00e9rois, mod\u00e9r\u00e9 de nord sur le Sud et de sudouest sur le Sud-Est et le Sud de l\u2019Oriental et faible \u00e0 mod\u00e9r\u00e9 de nord \u00e0 ouest ailleurs.<\/p>\n<p>\u2013 Temp\u00e9ratures minimales de l\u2019ordre de 24\/30\u00b0C sur le Sud-Est et le Sud des provinces\u00a0Sahariennes, de 13\/18\u00b0C sur les reliefs, 17\/22\u00b0C sur les plaines atlantiques et de\u00a018\/24\u00b0C sur le reste du pays.<\/p>\n<p>\u2013 Temp\u00e9ratures maximales en hausse et de l\u2019ordre de 37\/43\u00b0C sur les plaines int\u00e9rieures\u00a0Nord et Centre, l\u2019int\u00e9rieur du Souss et des provinces Sud et le Sud-Est, 30\/37\u00b0C sur\u00a0les plaines atlantiques Nord et Centre, 25\/32\u00b0C sur les reliefs, les c\u00f4tes atlantiques Sud\u00a0et la rive M\u00e9diterran\u00e9enne et de 31\/37\u00b0C sur l\u2019Oriental.<\/p>\n<p>\u2013 Mer belle \u00e0 peu agit\u00e9e sur la M\u00e9diterran\u00e9e, belle \u00e0 peu agit\u00e9e devenant peu agit\u00e9e \u00e0 agit\u00e9e sur le D\u00e9troit, peu agit\u00e9e entre Larache et Dakhla et peu agit\u00e9e \u00e0 agit\u00e9e ailleurs.<\/p>\n<p>The post <a rel=\"nofollow\" href=\"http:\/\/www.mapmarrakech.ma\/fr\/previsions-meteorologiques-pour-le-dimanche-05-septembre\/\">Pr\u00e9visions m\u00e9t\u00e9orologiques pour le dimanche 05 septembre<\/a> appeared first on <a rel=\"nofollow\" href=\"http:\/\/www.mapmarrakech.ma\/fr\">MapMarrakech<\/a>.<\/p>\n<\/div>\n<p>Auteur: Mohammed KOURSI<br \/>\n<a href=\"http:\/\/www.mapmarrakech.ma\/fr\/previsions-meteorologiques-pour-le-dimanche-05-septembre\/\">Cliquez ici pour lire l&rsquo;article depuis sa source.<\/a><\/p>\n","protected":false},"excerpt":{"rendered":"<p>\u2013\u00a0Temps assez chaud sur les plaines int\u00e9rieures Nord et Centre, le Souss, le Sud-Est et\u00a0l\u2019int\u00e9rieur des provinces Sud. \u2013 Nuages bas matinaux et nocturnes avec formations brumeuses pr\u00e8s des c\u00f4tes. \u2013 Quelques nuages cumuliformes et l\u00e9g\u00e8rement instables, l\u2019apr\u00e8s-midi, sur le Haut et le\u00a0Moyen Atlas, le Sud-Est et le Sud de l\u2019Oriental. \u2013 Vent mod\u00e9r\u00e9 \u00e0 [&hellip;]<\/p>\n","protected":false},"author":1788,"featured_media":0,"comment_status":"closed","ping_status":"closed","sticky":false,"template":"","format":"standard","meta":{"fifu_image_url":"http:\/\/www.mapmarrakech.ma\/map\/uploads\/2021\/09\/soleil.eco_-1-1.jpg","fifu_image_alt":"Pr\u00e9visions m\u00e9t\u00e9orologiques pour le dimanche 05 septembre","footnotes":""},"categories":[54,76],"tags":[],"class_list":["post-126110","post","type-post","status-publish","format-standard","hentry","category-maroc","category-regions"],"_links":{"self":[{"href":"https:\/\/linitiative.ca\/International\/wp-json\/wp\/v2\/posts\/126110","targetHints":{"allow":["GET"]}}],"collection":[{"href":"https:\/\/linitiative.ca\/International\/wp-json\/wp\/v2\/posts"}],"about":[{"href":"https:\/\/linitiative.ca\/International\/wp-json\/wp\/v2\/types\/post"}],"author":[{"embeddable":true,"href":"https:\/\/linitiative.ca\/International\/wp-json\/wp\/v2\/users\/1788"}],"replies":[{"embeddable":true,"href":"https:\/\/linitiative.ca\/International\/wp-json\/wp\/v2\/comments?post=126110"}],"version-history":[{"count":0,"href":"https:\/\/linitiative.ca\/International\/wp-json\/wp\/v2\/posts\/126110\/revisions"}],"wp:attachment":[{"href":"https:\/\/linitiative.ca\/International\/wp-json\/wp\/v2\/media?parent=126110"}],"wp:term":[{"taxonomy":"category","embeddable":true,"href":"https:\/\/linitiative.ca\/International\/wp-json\/wp\/v2\/categories?post=126110"},{"taxonomy":"post_tag","embeddable":true,"href":"https:\/\/linitiative.ca\/International\/wp-json\/wp\/v2\/tags?post=126110"}],"curies":[{"name":"wp","href":"https:\/\/api.w.org\/{rel}","templated":true}]}}