{"id":126115,"date":"2021-09-05T07:20:08","date_gmt":"2021-09-05T11:20:08","guid":{"rendered":"https:\/\/linitiative.ca\/International\/guinee-des-tirs-nourris-dans-le-centre-de-conakry-des-militaires-dans-les-rues\/"},"modified":"2021-09-05T07:20:08","modified_gmt":"2021-09-05T11:20:08","slug":"guinee-des-tirs-nourris-dans-le-centre-de-conakry-des-militaires-dans-les-rues","status":"publish","type":"post","link":"https:\/\/linitiative.ca\/International\/guinee-des-tirs-nourris-dans-le-centre-de-conakry-des-militaires-dans-les-rues\/","title":{"rendered":"Guin\u00e9e: Des tirs nourris dans le centre de Conakry, des militaires dans les rues"},"content":{"rendered":"<div>\n<div class=\"field field-name-body field-type-text-with-summary field-label-hidden\">\n<div class=\"field-items\">\n<div class=\"field-item even\" property=\"content:encoded\">\n<p class=\"rtejustify\">Des tirs nourris d&rsquo;armes automatiques retentissaient dimanche matin dans le centre de la capitale guin\u00e9enne Conakry, et de nombreux militaires \u00e9taient visibles dans les rues, ont rapport\u00e9 plusieurs t\u00e9moins \u00e0 l&rsquo;AFP. Aucune explication n&rsquo;\u00e9tait disponible dans un premier temps sur les raisons de cet acc\u00e8s de tension sur la presqu&rsquo;\u00eele de Kaloum, centre de Conakry, o\u00f9 si\u00e8gent la pr\u00e9sidence, les institutions et les bureaux d&rsquo;affaires. Les autorit\u00e9s sont rest\u00e9es jusqu&rsquo;alors silencieuses sur une situation tr\u00e8s confuse.<\/p>\n<\/div>\n<\/div>\n<\/div>\n<\/div>\n<p>Auteur: hgueye<br \/>\n<a href=\"https:\/\/www.leconomiste.com\/flash-infos\/guinee-des-tirs-nourris-dans-le-centre-de-conakry-des-militaires-dans-les-rues\">Cliquez ici pour lire l&rsquo;article depuis sa source.<\/a><\/p>\n","protected":false},"excerpt":{"rendered":"<p>Des tirs nourris d&rsquo;armes automatiques retentissaient dimanche matin dans le centre de la capitale guin\u00e9enne Conakry, et de nombreux militaires \u00e9taient visibles dans les rues, ont rapport\u00e9 plusieurs t\u00e9moins \u00e0 l&rsquo;AFP. Aucune explication n&rsquo;\u00e9tait disponible dans un premier temps sur les raisons de cet acc\u00e8s de tension sur la presqu&rsquo;\u00eele de Kaloum, centre de Conakry, [&hellip;]<\/p>\n","protected":false},"author":1763,"featured_media":0,"comment_status":"closed","ping_status":"closed","sticky":false,"template":"","format":"standard","meta":{"fifu_image_url":"","fifu_image_alt":"","footnotes":""},"categories":[78,54],"tags":[],"class_list":["post-126115","post","type-post","status-publish","format-standard","hentry","category-economie","category-maroc"],"_links":{"self":[{"href":"https:\/\/linitiative.ca\/International\/wp-json\/wp\/v2\/posts\/126115","targetHints":{"allow":["GET"]}}],"collection":[{"href":"https:\/\/linitiative.ca\/International\/wp-json\/wp\/v2\/posts"}],"about":[{"href":"https:\/\/linitiative.ca\/International\/wp-json\/wp\/v2\/types\/post"}],"author":[{"embeddable":true,"href":"https:\/\/linitiative.ca\/International\/wp-json\/wp\/v2\/users\/1763"}],"replies":[{"embeddable":true,"href":"https:\/\/linitiative.ca\/International\/wp-json\/wp\/v2\/comments?post=126115"}],"version-history":[{"count":0,"href":"https:\/\/linitiative.ca\/International\/wp-json\/wp\/v2\/posts\/126115\/revisions"}],"wp:attachment":[{"href":"https:\/\/linitiative.ca\/International\/wp-json\/wp\/v2\/media?parent=126115"}],"wp:term":[{"taxonomy":"category","embeddable":true,"href":"https:\/\/linitiative.ca\/International\/wp-json\/wp\/v2\/categories?post=126115"},{"taxonomy":"post_tag","embeddable":true,"href":"https:\/\/linitiative.ca\/International\/wp-json\/wp\/v2\/tags?post=126115"}],"curies":[{"name":"wp","href":"https:\/\/api.w.org\/{rel}","templated":true}]}}