{"id":126116,"date":"2021-09-05T08:39:31","date_gmt":"2021-09-05T12:39:31","guid":{"rendered":"https:\/\/linitiative.ca\/International\/vaccination-la-dpe-dement-le-deces-dun-eleve-a-khemisset\/"},"modified":"2021-09-05T08:39:31","modified_gmt":"2021-09-05T12:39:31","slug":"vaccination-la-dpe-dement-le-deces-dun-eleve-a-khemisset","status":"publish","type":"post","link":"https:\/\/linitiative.ca\/International\/vaccination-la-dpe-dement-le-deces-dun-eleve-a-khemisset\/","title":{"rendered":"Vaccination: La DPE d\u00e9ment le d\u00e9c\u00e8s d&rsquo;un \u00e9l\u00e8ve \u00e0 Kh\u00e9misset"},"content":{"rendered":"<div>\n<div class=\"field field-name-body field-type-text-with-summary field-label-hidden\">\n<div class=\"field-items\">\n<div class=\"field-item even\" property=\"content:encoded\">\n<p class=\"rtejustify\">La direction provinciale de l\u2019\u00c9ducation nationale de Kh\u00e9misset a cat\u00e9goriquement d\u00e9menti, dimanche, le d\u00e9c\u00e8s d&rsquo;un \u00e9l\u00e8ve apr\u00e8s apr\u00e8s avoir re\u00e7u la premi\u00e8re dose du vaccin anti-Covid-19.<\/p>\n<\/div>\n<\/div>\n<\/div>\n<\/div>\n<p>Auteur: hgueye<br \/>\n<a href=\"https:\/\/www.leconomiste.com\/flash-infos\/vaccination-la-dpe-dement-le-deces-d-un-eleve-khemisset\">Cliquez ici pour lire l&rsquo;article depuis sa source.<\/a><\/p>\n","protected":false},"excerpt":{"rendered":"<p>La direction provinciale de l\u2019\u00c9ducation nationale de Kh\u00e9misset a cat\u00e9goriquement d\u00e9menti, dimanche, le d\u00e9c\u00e8s d&rsquo;un \u00e9l\u00e8ve apr\u00e8s apr\u00e8s avoir re\u00e7u la premi\u00e8re dose du vaccin anti-Covid-19. Auteur: hgueye Cliquez ici pour lire l&rsquo;article depuis sa source.<\/p>\n","protected":false},"author":1763,"featured_media":0,"comment_status":"closed","ping_status":"closed","sticky":false,"template":"","format":"standard","meta":{"fifu_image_url":"","fifu_image_alt":"","footnotes":""},"categories":[78,54],"tags":[],"class_list":["post-126116","post","type-post","status-publish","format-standard","hentry","category-economie","category-maroc"],"_links":{"self":[{"href":"https:\/\/linitiative.ca\/International\/wp-json\/wp\/v2\/posts\/126116","targetHints":{"allow":["GET"]}}],"collection":[{"href":"https:\/\/linitiative.ca\/International\/wp-json\/wp\/v2\/posts"}],"about":[{"href":"https:\/\/linitiative.ca\/International\/wp-json\/wp\/v2\/types\/post"}],"author":[{"embeddable":true,"href":"https:\/\/linitiative.ca\/International\/wp-json\/wp\/v2\/users\/1763"}],"replies":[{"embeddable":true,"href":"https:\/\/linitiative.ca\/International\/wp-json\/wp\/v2\/comments?post=126116"}],"version-history":[{"count":0,"href":"https:\/\/linitiative.ca\/International\/wp-json\/wp\/v2\/posts\/126116\/revisions"}],"wp:attachment":[{"href":"https:\/\/linitiative.ca\/International\/wp-json\/wp\/v2\/media?parent=126116"}],"wp:term":[{"taxonomy":"category","embeddable":true,"href":"https:\/\/linitiative.ca\/International\/wp-json\/wp\/v2\/categories?post=126116"},{"taxonomy":"post_tag","embeddable":true,"href":"https:\/\/linitiative.ca\/International\/wp-json\/wp\/v2\/tags?post=126116"}],"curies":[{"name":"wp","href":"https:\/\/api.w.org\/{rel}","templated":true}]}}