{"id":126120,"date":"2021-09-05T09:15:00","date_gmt":"2021-09-05T13:15:00","guid":{"rendered":"https:\/\/linitiative.ca\/International\/pastore-va-poursuivre-sa-carriere-en-espagne\/"},"modified":"2021-09-05T09:15:00","modified_gmt":"2021-09-05T13:15:00","slug":"pastore-va-poursuivre-sa-carriere-en-espagne","status":"publish","type":"post","link":"https:\/\/linitiative.ca\/International\/pastore-va-poursuivre-sa-carriere-en-espagne\/","title":{"rendered":"Pastore va poursuivre sa carri\u00e8re en Espagne"},"content":{"rendered":"<div>Alors qu\u2019il a r\u00e9cemment r\u00e9sili\u00e9 son contrat avec l\u2019AS Roma, Javier Pastore s\u2019est d\u00e9j\u00e0 trouv\u00e9 un point de chute.<img loading=\"lazy\" decoding=\"async\" src=\"http:\/\/feeds.feedburner.com\/~r\/GalerieFArtciles\/~4\/dz5cngasuU8\" height=\"1\" width=\"1\" alt=\"\"><\/div>\n<p>Auteur:<br \/>\n<a href=\"http:\/\/www.lebuteur.com\/article\/detail?titre=pastore-va-poursuivre-sa-carriere-en-espagne&#038;id=101022&#038;utm_source=feedburner&#038;utm_medium=feed&#038;utm_campaign=Feed%3A+GalerieFArtciles+%28Les+derniers+articles++-+lebuteur.com%29\">Cliquez ici pour lire l&rsquo;article depuis sa source.<\/a><\/p>\n","protected":false},"excerpt":{"rendered":"<p>Alors qu\u2019il a r\u00e9cemment r\u00e9sili\u00e9 son contrat avec l\u2019AS Roma, Javier Pastore s\u2019est d\u00e9j\u00e0 trouv\u00e9 un point de chute. Auteur: Cliquez ici pour lire l&rsquo;article depuis sa source.<\/p>\n","protected":false},"author":1738,"featured_media":0,"comment_status":"closed","ping_status":"closed","sticky":false,"template":"","format":"standard","meta":{"fifu_image_url":"http:\/\/feeds.feedburner.com\/~r\/GalerieFArtciles\/~4\/dz5cngasuU8","fifu_image_alt":"Pastore va poursuivre sa carri\u00e8re en Espagne","footnotes":""},"categories":[53,75],"tags":[],"class_list":["post-126120","post","type-post","status-publish","format-standard","hentry","category-algerie","category-sport"],"_links":{"self":[{"href":"https:\/\/linitiative.ca\/International\/wp-json\/wp\/v2\/posts\/126120","targetHints":{"allow":["GET"]}}],"collection":[{"href":"https:\/\/linitiative.ca\/International\/wp-json\/wp\/v2\/posts"}],"about":[{"href":"https:\/\/linitiative.ca\/International\/wp-json\/wp\/v2\/types\/post"}],"author":[{"embeddable":true,"href":"https:\/\/linitiative.ca\/International\/wp-json\/wp\/v2\/users\/1738"}],"replies":[{"embeddable":true,"href":"https:\/\/linitiative.ca\/International\/wp-json\/wp\/v2\/comments?post=126120"}],"version-history":[{"count":0,"href":"https:\/\/linitiative.ca\/International\/wp-json\/wp\/v2\/posts\/126120\/revisions"}],"wp:attachment":[{"href":"https:\/\/linitiative.ca\/International\/wp-json\/wp\/v2\/media?parent=126120"}],"wp:term":[{"taxonomy":"category","embeddable":true,"href":"https:\/\/linitiative.ca\/International\/wp-json\/wp\/v2\/categories?post=126120"},{"taxonomy":"post_tag","embeddable":true,"href":"https:\/\/linitiative.ca\/International\/wp-json\/wp\/v2\/tags?post=126120"}],"curies":[{"name":"wp","href":"https:\/\/api.w.org\/{rel}","templated":true}]}}