{"id":126124,"date":"2021-09-05T06:32:38","date_gmt":"2021-09-05T10:32:38","guid":{"rendered":"https:\/\/linitiative.ca\/International\/covid-19-lentree-en-production-du-vaccin-de-saidal-prevue-dans-les-prochaines-semaines\/"},"modified":"2021-09-05T06:32:38","modified_gmt":"2021-09-05T10:32:38","slug":"covid-19-lentree-en-production-du-vaccin-de-saidal-prevue-dans-les-prochaines-semaines","status":"publish","type":"post","link":"https:\/\/linitiative.ca\/International\/covid-19-lentree-en-production-du-vaccin-de-saidal-prevue-dans-les-prochaines-semaines\/","title":{"rendered":"Covid-19 : l\u2019entr\u00e9e en production du vaccin de Saidal pr\u00e9vue dans les prochaines semaines"},"content":{"rendered":"<div>\n<div class=\"sriret\"><img decoding=\"async\" src=\"https:\/\/linitiative.ca\/International\/wp-content\/uploads\/sites\/23\/2021\/09\/default-picture-709x366_c-9.jpg\"><\/div>\n<p>Le Gouvernement a entendu samedi lors de sa r\u00e9union pr\u00e9sid\u00e9e par le Premier ministre, ministre des Finances A\u00efmene Benabderrahmane, une communication pr\u00e9sent\u00e9e par le ministre de l\u2019Industrie\u00a0\u00a0 Pharmaceutique sur le processus de production du vaccin anti-COVID-19 en Alg\u00e9rie, au cours de laquelle il a annonc\u00e9 l\u2019entr\u00e9e en production dans les prochaines semaines du vaccin anti-Covid-19 par le Groupe public Saidal.<\/p>\n<p>Selon un communiqu\u00e9 des services du Premier minist\u00e8re, le Ministre de l\u2019Industrie Pharmaceutique a pr\u00e9sent\u00e9 cette communication, qui a port\u00e9 sur les actions engag\u00e9es par le secteur pour la concr\u00e9tisation de ce projet, intervient dans le cadre du suivi de l\u2019\u00e9tat d\u2019avancement du projet relatif\u00a0\u00a0 \u00e0 la production du vaccin anti-COVID-19 par le Groupe public SAIDAL. A ce titre, le ministre de l\u2019Industrie Pharmaceutique a pr\u00e9cis\u00e9 qu\u2019apr\u00e8s\u00a0\u00a0 une s\u00e9rie de n\u00e9gociations engag\u00e9es par le Groupe Saidal avec ses partenaires ont \u00e9t\u00e9 sanctionn\u00e9es par la signature de contrats de partenariat, assurant que \u00ab\u00a0tous les moyens ont \u00e9t\u00e9 mobilis\u00e9s pour faire\u00a0\u00a0 r\u00e9ussir ce projet dont l\u2019entr\u00e9e en production est pr\u00e9vue pour les prochaines semaines\u00a0\u00bb, a soulign\u00e9 le communiqu\u00e9.<\/p>\n<p>L\u2019article <a rel=\"nofollow\" href=\"https:\/\/www.elwatan.com\/edition\/actualite\/covid-19-lentree-en-production-du-vaccin-de-saidal-prevue-dans-les-prochaines-semaines-05-09-2021\">Covid-19 : l\u2019entr\u00e9e en production du vaccin de Saidal pr\u00e9vue dans les prochaines semaines<\/a> est apparu en premier sur <a rel=\"nofollow\" href=\"https:\/\/www.elwatan.com\/\">El Watan<\/a>.<\/p>\n<\/div>\n<p>Auteur: Abdelghani Aichoun<br \/>\n<a href=\"https:\/\/www.elwatan.com\/edition\/actualite\/covid-19-lentree-en-production-du-vaccin-de-saidal-prevue-dans-les-prochaines-semaines-05-09-2021\">Cliquez ici pour lire l&rsquo;article depuis sa source.<\/a><\/p>\n","protected":false},"excerpt":{"rendered":"<p>Le Gouvernement a entendu samedi lors de sa r\u00e9union pr\u00e9sid\u00e9e par le Premier ministre, ministre des Finances A\u00efmene Benabderrahmane, une communication pr\u00e9sent\u00e9e par le ministre de l\u2019Industrie\u00a0\u00a0 Pharmaceutique sur le processus de production du vaccin anti-COVID-19 en Alg\u00e9rie, au cours de laquelle il a annonc\u00e9 l\u2019entr\u00e9e en production dans les prochaines semaines du vaccin anti-Covid-19 [&hellip;]<\/p>\n","protected":false},"author":1743,"featured_media":0,"comment_status":"closed","ping_status":"closed","sticky":false,"template":"","format":"standard","meta":{"fifu_image_url":"https:\/\/www.elwatan.com\/wp-content\/themes\/spectr\/img\/default-picture-709x366_c.jpg","fifu_image_alt":"Covid-19 : l\u2019entr\u00e9e en production du vaccin de Saidal pr\u00e9vue dans les prochaines semaines","footnotes":""},"categories":[73,53],"tags":[],"class_list":["post-126124","post","type-post","status-publish","format-standard","hentry","category-actualite","category-algerie"],"_links":{"self":[{"href":"https:\/\/linitiative.ca\/International\/wp-json\/wp\/v2\/posts\/126124","targetHints":{"allow":["GET"]}}],"collection":[{"href":"https:\/\/linitiative.ca\/International\/wp-json\/wp\/v2\/posts"}],"about":[{"href":"https:\/\/linitiative.ca\/International\/wp-json\/wp\/v2\/types\/post"}],"author":[{"embeddable":true,"href":"https:\/\/linitiative.ca\/International\/wp-json\/wp\/v2\/users\/1743"}],"replies":[{"embeddable":true,"href":"https:\/\/linitiative.ca\/International\/wp-json\/wp\/v2\/comments?post=126124"}],"version-history":[{"count":0,"href":"https:\/\/linitiative.ca\/International\/wp-json\/wp\/v2\/posts\/126124\/revisions"}],"wp:attachment":[{"href":"https:\/\/linitiative.ca\/International\/wp-json\/wp\/v2\/media?parent=126124"}],"wp:term":[{"taxonomy":"category","embeddable":true,"href":"https:\/\/linitiative.ca\/International\/wp-json\/wp\/v2\/categories?post=126124"},{"taxonomy":"post_tag","embeddable":true,"href":"https:\/\/linitiative.ca\/International\/wp-json\/wp\/v2\/tags?post=126124"}],"curies":[{"name":"wp","href":"https:\/\/api.w.org\/{rel}","templated":true}]}}