{"id":126126,"date":"2021-09-05T06:32:51","date_gmt":"2021-09-05T10:32:51","guid":{"rendered":"https:\/\/linitiative.ca\/International\/abderrahmane-benbouzid-vacciner-70-de-la-population-dici-la-fin-de-lannee\/"},"modified":"2021-09-05T06:32:51","modified_gmt":"2021-09-05T10:32:51","slug":"abderrahmane-benbouzid-vacciner-70-de-la-population-dici-la-fin-de-lannee","status":"publish","type":"post","link":"https:\/\/linitiative.ca\/International\/abderrahmane-benbouzid-vacciner-70-de-la-population-dici-la-fin-de-lannee\/","title":{"rendered":"Abderrahmane Benbouzid : \u00abVacciner 70% de la population d\u2019ici la fin de l\u2019ann\u00e9e\u00bb"},"content":{"rendered":"<div>\n<div class=\"sriret\"><img loading=\"lazy\" decoding=\"async\" width=\"800\" height=\"538\" src=\"https:\/\/linitiative.ca\/International\/wp-content\/uploads\/sites\/23\/2021\/09\/Abderrahmane-Benbouzid-col.jpg\" class=\"attachment-featured_large size-featured_large wp-post-image\" alt=\"\" style=\"margin-bottom: 15px;\" srcset=\"https:\/\/linitiative.ca\/International\/wp-content\/uploads\/sites\/23\/2021\/09\/Abderrahmane-Benbouzid-col.jpg 800w, https:\/\/www.elwatan.com\/wp-content\/uploads\/2020\/04\/Abderrahmane-Benbouzid-col-300x202.jpg 300w, https:\/\/www.elwatan.com\/wp-content\/uploads\/2020\/04\/Abderrahmane-Benbouzid-col-768x516.jpg 768w\" sizes=\"auto, (max-width: 800px) 100vw, 800px\"><\/div>\n<p>Lors d\u2019une conf\u00e9rence de presse organis\u00e9e en d\u00e9but de matin\u00e9e au si\u00e8ge du minist\u00e8re de la Sant\u00e9, \u00e0 l\u2019occasion du lancement de la campagne nationale de la vaccination qui s\u2019\u00e9talera du 4 au 11 septembre, M. Benbouzid a tenu \u00e0 souligner que \u00abcette campagne de vaccination nous permettra de mani\u00e8re efficace \u00e0 atteindre notre objectif tant attendu, qui consiste \u00e0 vacciner pas moins de 70% d\u2019Alg\u00e9riens d\u2019ici la fin de l\u2019ann\u00e9e en cours\u00bb.<\/p>\n<p>Pour atteindre cet objectif, le ministre de la Sant\u00e9 a insist\u00e9 sur le \u00abgrand r\u00f4le\u00bb que vont jouer \u00ables secteurs minist\u00e9riels, de la soci\u00e9t\u00e9 civile et du partenaire social qui ont d\u00e9j\u00e0 contribu\u00e9, chacun dans son domaine, \u00e0 lutter contre la pand\u00e9mie\u00bb, a-t-il affirm\u00e9. Le ministre a \u00e9galement appel\u00e9 \u00e0 une \u00abtotale mobilisation\u00bb du gouvernement et du peuple alg\u00e9riens pour la r\u00e9ussite de cette campagne de vaccination, et ce, jusqu\u2019\u00e0 ce que \u00abnous atteignions un grand nombre de personnes vaccin\u00e9es\u00bb.<\/p>\n<p>Ce qui permettra, dit-il, de r\u00e9duire l\u2019incidence de la pand\u00e9mie et soulager les h\u00f4pitaux.\u00bb Dans le m\u00eame registre, M. Benbouzid a appel\u00e9 les personnes \u00e2g\u00e9es de plus de 18 ans \u00e0 se faire vacciner au niveau des espaces mis \u00e0 leur disposition \u00e0 travers tout le pays, et o\u00f9 toutes \u00ables conditions n\u00e9cessaires sont r\u00e9unies\u00bb, soulignant qu\u2019il faudra r\u00e9aliser des chiffres record du nombre de vaccin\u00e9s d\u2019ici la fin de l\u2019ann\u00e9e. De son c\u00f4t\u00e9, le porte-parole du comit\u00e9 de suivi de l\u2019\u00e9volution de la pand\u00e9mie de coronavirus, le Dr Djamel Fourar, a fait savoir que 8 millions de personnes ont \u00e9t\u00e9 vaccin\u00e9es depuis le d\u00e9but de l\u2019ann\u00e9e, dont 5 millions ont re\u00e7u une seule dose et 3 millions ont eu deux doses de vaccin anti-Covid-19. Le m\u00eame responsable a d\u00e9clar\u00e9 que le minist\u00e8re de la Sant\u00e9 pr\u00e9sentera quotidiennement des chiffres relatif \u00e0 la campagne nationale de la vaccination, affirmant que l\u2019\u00e9valuation g\u00e9n\u00e9rale aura lieu le 11 septembre, dernier jour de la campagne baptis\u00e9e \u00abThe Big day\u00bb.<\/p>\n<p>L\u2019article <a rel=\"nofollow\" href=\"https:\/\/www.elwatan.com\/edition\/actualite\/abderrahmane-benbouzid-vacciner-70-de-la-population-dici-la-fin-de-lannee-05-09-2021\">Abderrahmane Benbouzid : \u00abVacciner 70% de la population d\u2019ici la fin de l\u2019ann\u00e9e\u00bb<\/a> est apparu en premier sur <a rel=\"nofollow\" href=\"https:\/\/www.elwatan.com\/\">El Watan<\/a>.<\/p>\n<\/div>\n<p>Auteur: Hicham Chouadria<br \/>\n<a href=\"https:\/\/www.elwatan.com\/edition\/actualite\/abderrahmane-benbouzid-vacciner-70-de-la-population-dici-la-fin-de-lannee-05-09-2021\">Cliquez ici pour lire l&rsquo;article depuis sa source.<\/a><\/p>\n","protected":false},"excerpt":{"rendered":"<p>Lors d\u2019une conf\u00e9rence de presse organis\u00e9e en d\u00e9but de matin\u00e9e au si\u00e8ge du minist\u00e8re de la Sant\u00e9, \u00e0 l\u2019occasion du lancement de la campagne nationale de la vaccination qui s\u2019\u00e9talera du 4 au 11 septembre, M. Benbouzid a tenu \u00e0 souligner que \u00abcette campagne de vaccination nous permettra de mani\u00e8re efficace \u00e0 atteindre notre objectif [&hellip;]<\/p>\n","protected":false},"author":1743,"featured_media":0,"comment_status":"closed","ping_status":"closed","sticky":false,"template":"","format":"standard","meta":{"fifu_image_url":"https:\/\/www.elwatan.com\/wp-content\/uploads\/2020\/04\/Abderrahmane-Benbouzid-col.jpg","fifu_image_alt":"Abderrahmane Benbouzid : \u00abVacciner 70% de la population d\u2019ici la fin de l\u2019ann\u00e9e\u00bb","footnotes":""},"categories":[73,53],"tags":[],"class_list":["post-126126","post","type-post","status-publish","format-standard","hentry","category-actualite","category-algerie"],"_links":{"self":[{"href":"https:\/\/linitiative.ca\/International\/wp-json\/wp\/v2\/posts\/126126","targetHints":{"allow":["GET"]}}],"collection":[{"href":"https:\/\/linitiative.ca\/International\/wp-json\/wp\/v2\/posts"}],"about":[{"href":"https:\/\/linitiative.ca\/International\/wp-json\/wp\/v2\/types\/post"}],"author":[{"embeddable":true,"href":"https:\/\/linitiative.ca\/International\/wp-json\/wp\/v2\/users\/1743"}],"replies":[{"embeddable":true,"href":"https:\/\/linitiative.ca\/International\/wp-json\/wp\/v2\/comments?post=126126"}],"version-history":[{"count":0,"href":"https:\/\/linitiative.ca\/International\/wp-json\/wp\/v2\/posts\/126126\/revisions"}],"wp:attachment":[{"href":"https:\/\/linitiative.ca\/International\/wp-json\/wp\/v2\/media?parent=126126"}],"wp:term":[{"taxonomy":"category","embeddable":true,"href":"https:\/\/linitiative.ca\/International\/wp-json\/wp\/v2\/categories?post=126126"},{"taxonomy":"post_tag","embeddable":true,"href":"https:\/\/linitiative.ca\/International\/wp-json\/wp\/v2\/tags?post=126126"}],"curies":[{"name":"wp","href":"https:\/\/api.w.org\/{rel}","templated":true}]}}