{"id":126135,"date":"2021-09-05T06:00:00","date_gmt":"2021-09-05T10:00:00","guid":{"rendered":"https:\/\/linitiative.ca\/International\/nouveau-mandat\/"},"modified":"2021-09-05T06:00:00","modified_gmt":"2021-09-05T10:00:00","slug":"nouveau-mandat","status":"publish","type":"post","link":"https:\/\/linitiative.ca\/International\/nouveau-mandat\/","title":{"rendered":"Nouveau mandat"},"content":{"rendered":"<div>Le Conseil de l&rsquo;ordre des m\u00e9decins qui a tenu son conseil national vendredi a d\u00e9cid\u00e9 de reconduire le docteur Bekkat Berkani \u00e0 la t\u00eate du conseil pour un autre mandat de deux ans.<\/div>\n<p>Auteur:<br \/>\n<a href=\"https:\/\/www.lesoirdalgerie.com\/periscoop\/nouveau-mandat-66968\">Cliquez ici pour lire l&rsquo;article depuis sa source.<\/a><\/p>\n","protected":false},"excerpt":{"rendered":"<p>Le Conseil de l&rsquo;ordre des m\u00e9decins qui a tenu son conseil national vendredi a d\u00e9cid\u00e9 de reconduire le docteur Bekkat Berkani \u00e0 la t\u00eate du conseil pour un autre mandat de deux ans. Auteur: Cliquez ici pour lire l&rsquo;article depuis sa source.<\/p>\n","protected":false},"author":1741,"featured_media":0,"comment_status":"closed","ping_status":"closed","sticky":false,"template":"","format":"standard","meta":{"fifu_image_url":"","fifu_image_alt":"","footnotes":""},"categories":[73,53],"tags":[],"class_list":["post-126135","post","type-post","status-publish","format-standard","hentry","category-actualite","category-algerie"],"_links":{"self":[{"href":"https:\/\/linitiative.ca\/International\/wp-json\/wp\/v2\/posts\/126135","targetHints":{"allow":["GET"]}}],"collection":[{"href":"https:\/\/linitiative.ca\/International\/wp-json\/wp\/v2\/posts"}],"about":[{"href":"https:\/\/linitiative.ca\/International\/wp-json\/wp\/v2\/types\/post"}],"author":[{"embeddable":true,"href":"https:\/\/linitiative.ca\/International\/wp-json\/wp\/v2\/users\/1741"}],"replies":[{"embeddable":true,"href":"https:\/\/linitiative.ca\/International\/wp-json\/wp\/v2\/comments?post=126135"}],"version-history":[{"count":0,"href":"https:\/\/linitiative.ca\/International\/wp-json\/wp\/v2\/posts\/126135\/revisions"}],"wp:attachment":[{"href":"https:\/\/linitiative.ca\/International\/wp-json\/wp\/v2\/media?parent=126135"}],"wp:term":[{"taxonomy":"category","embeddable":true,"href":"https:\/\/linitiative.ca\/International\/wp-json\/wp\/v2\/categories?post=126135"},{"taxonomy":"post_tag","embeddable":true,"href":"https:\/\/linitiative.ca\/International\/wp-json\/wp\/v2\/tags?post=126135"}],"curies":[{"name":"wp","href":"https:\/\/api.w.org\/{rel}","templated":true}]}}