{"id":126141,"date":"2021-09-05T08:25:39","date_gmt":"2021-09-05T12:25:39","guid":{"rendered":"https:\/\/linitiative.ca\/International\/test-pcr-le-prix-bientot-fixe-a-400-dh\/"},"modified":"2021-09-05T08:25:39","modified_gmt":"2021-09-05T12:25:39","slug":"test-pcr-le-prix-bientot-fixe-a-400-dh","status":"publish","type":"post","link":"https:\/\/linitiative.ca\/International\/test-pcr-le-prix-bientot-fixe-a-400-dh\/","title":{"rendered":"Test PCR. Le prix bient\u00f4t fix\u00e9 \u00e0 400 DH"},"content":{"rendered":"<div><img decoding=\"async\" width=\"1200\" height=\"600\" src=\"https:\/\/linitiative.ca\/International\/wp-content\/uploads\/sites\/23\/2021\/09\/PCR.jpg\" class=\"attachment-post-thumbnail size-post-thumbnail wp-post-image\" alt=\"\" loading=\"lazy\" srcset=\"https:\/\/linitiative.ca\/International\/wp-content\/uploads\/sites\/23\/2021\/09\/PCR.jpg 1200w, https:\/\/www.challenge.ma\/wp-content\/uploads\/2021\/09\/PCR-300x150.jpg 300w, https:\/\/www.challenge.ma\/wp-content\/uploads\/2021\/09\/PCR-1024x512.jpg 1024w, https:\/\/www.challenge.ma\/wp-content\/uploads\/2021\/09\/PCR-768x384.jpg 768w, https:\/\/www.challenge.ma\/wp-content\/uploads\/2021\/09\/PCR-360x180.jpg 360w, https:\/\/www.challenge.ma\/wp-content\/uploads\/2021\/09\/PCR-750x375.jpg 750w\" sizes=\"auto, (max-width: 1200px) 100vw, 1200px\" itemprop=\"image\">Le test PCR va d\u00e9sormais int\u00e9grer la liste des biens et services dont le prix sera fix\u00e9 par l\u2019administration. Le gouvernement, apr\u00e8s plusieurs mois de tergiversations, a d\u00e9cid\u00e9 de fixer le tarif national de r\u00e9f\u00e9rence des tests PCR diagnostiquant la Covid-19, \u00e0 400 DH au lieu de 600 \u00e0 800<\/div>\n<p>Auteur: challenge<br \/>\n<a href=\"https:\/\/www.challenge.ma\/le-test-pcr-baisse-de-prix-dans-les-laboratoires-prives-et-coutera-400-dh-197514\/\">Cliquez ici pour lire l&rsquo;article depuis sa source.<\/a><\/p>\n","protected":false},"excerpt":{"rendered":"<p>Le test PCR va d\u00e9sormais int\u00e9grer la liste des biens et services dont le prix sera fix\u00e9 par l\u2019administration. Le gouvernement, apr\u00e8s plusieurs mois de tergiversations, a d\u00e9cid\u00e9 de fixer le tarif national de r\u00e9f\u00e9rence des tests PCR diagnostiquant la Covid-19, \u00e0 400 DH au lieu de 600 \u00e0 800 Auteur: challenge Cliquez ici pour [&hellip;]<\/p>\n","protected":false},"author":1787,"featured_media":0,"comment_status":"closed","ping_status":"closed","sticky":false,"template":"","format":"standard","meta":{"fifu_image_url":"https:\/\/www.challenge.ma\/wp-content\/uploads\/2021\/09\/PCR.jpg","fifu_image_alt":"Test PCR. Le prix bient\u00f4t fix\u00e9 \u00e0 400 DH","footnotes":""},"categories":[78,54],"tags":[],"class_list":["post-126141","post","type-post","status-publish","format-standard","hentry","category-economie","category-maroc"],"_links":{"self":[{"href":"https:\/\/linitiative.ca\/International\/wp-json\/wp\/v2\/posts\/126141","targetHints":{"allow":["GET"]}}],"collection":[{"href":"https:\/\/linitiative.ca\/International\/wp-json\/wp\/v2\/posts"}],"about":[{"href":"https:\/\/linitiative.ca\/International\/wp-json\/wp\/v2\/types\/post"}],"author":[{"embeddable":true,"href":"https:\/\/linitiative.ca\/International\/wp-json\/wp\/v2\/users\/1787"}],"replies":[{"embeddable":true,"href":"https:\/\/linitiative.ca\/International\/wp-json\/wp\/v2\/comments?post=126141"}],"version-history":[{"count":0,"href":"https:\/\/linitiative.ca\/International\/wp-json\/wp\/v2\/posts\/126141\/revisions"}],"wp:attachment":[{"href":"https:\/\/linitiative.ca\/International\/wp-json\/wp\/v2\/media?parent=126141"}],"wp:term":[{"taxonomy":"category","embeddable":true,"href":"https:\/\/linitiative.ca\/International\/wp-json\/wp\/v2\/categories?post=126141"},{"taxonomy":"post_tag","embeddable":true,"href":"https:\/\/linitiative.ca\/International\/wp-json\/wp\/v2\/tags?post=126141"}],"curies":[{"name":"wp","href":"https:\/\/api.w.org\/{rel}","templated":true}]}}