{"id":126147,"date":"2021-09-05T15:04:54","date_gmt":"2021-09-05T19:04:54","guid":{"rendered":"https:\/\/linitiative.ca\/International\/malgre-la-penurie-la-part-des-fruits-tunisiens-exportee-vers-la-lybie-depasse-54\/"},"modified":"2021-09-05T15:04:54","modified_gmt":"2021-09-05T19:04:54","slug":"malgre-la-penurie-la-part-des-fruits-tunisiens-exportee-vers-la-lybie-depasse-54","status":"publish","type":"post","link":"https:\/\/linitiative.ca\/International\/malgre-la-penurie-la-part-des-fruits-tunisiens-exportee-vers-la-lybie-depasse-54\/","title":{"rendered":"Malgr\u00e9 la p\u00e9nurie, la part des fruits tunisiens export\u00e9e vers la Lybie d\u00e9passe 54%"},"content":{"rendered":"<div>\n<p>Les donn\u00e9es r\u00e9centes de l\u2019Institut National de la Statistique (INS), montrent une hausse extr\u00eamement pr\u00e9occupante des prix du groupe \u00ab alimentation \u00bb, de 7,4% \u00e0 fin ao\u00fbt 2021 et qui est caus\u00e9e selon les statistiques publi\u00e9es par la progression de tous les prix des produits sensibles et de large consommation en particulier les fruits et [\u2026]<\/p>\n<p>L\u2019article <a href=\"https:\/\/www.tunisienumerique.com\/malgre-la-penurie-la-part-des-fruits-tunisiens-exportee-vers-la-lybie-depasse-54\/\">Malgr\u00e9 la p\u00e9nurie, la part des fruits tunisiens export\u00e9e vers la Lybie d\u00e9passe 54%<\/a> est apparu en premier sur <a href=\"https:\/\/www.tunisienumerique.com\/\">Tunisie<\/a>.<\/p>\n<\/div>\n<p>Auteur: Mohamed Ben Abderrazek<br \/>\n<a href=\"https:\/\/www.tunisienumerique.com\/malgre-la-penurie-la-part-des-fruits-tunisiens-exportee-vers-la-lybie-depasse-54\/\">Cliquez ici pour lire l&rsquo;article depuis sa source.<\/a><\/p>\n","protected":false},"excerpt":{"rendered":"<p>Les donn\u00e9es r\u00e9centes de l\u2019Institut National de la Statistique (INS), montrent une hausse extr\u00eamement pr\u00e9occupante des prix du groupe \u00ab alimentation \u00bb, de 7,4% \u00e0 fin ao\u00fbt 2021 et qui est caus\u00e9e selon les statistiques publi\u00e9es par la progression de tous les prix des produits sensibles et de large consommation en particulier les fruits et [&hellip;]<\/p>\n","protected":false},"author":1789,"featured_media":0,"comment_status":"closed","ping_status":"closed","sticky":false,"template":"","format":"standard","meta":{"fifu_image_url":"","fifu_image_alt":"","footnotes":""},"categories":[73,55],"tags":[],"class_list":["post-126147","post","type-post","status-publish","format-standard","hentry","category-actualite","category-tunisie"],"_links":{"self":[{"href":"https:\/\/linitiative.ca\/International\/wp-json\/wp\/v2\/posts\/126147","targetHints":{"allow":["GET"]}}],"collection":[{"href":"https:\/\/linitiative.ca\/International\/wp-json\/wp\/v2\/posts"}],"about":[{"href":"https:\/\/linitiative.ca\/International\/wp-json\/wp\/v2\/types\/post"}],"author":[{"embeddable":true,"href":"https:\/\/linitiative.ca\/International\/wp-json\/wp\/v2\/users\/1789"}],"replies":[{"embeddable":true,"href":"https:\/\/linitiative.ca\/International\/wp-json\/wp\/v2\/comments?post=126147"}],"version-history":[{"count":0,"href":"https:\/\/linitiative.ca\/International\/wp-json\/wp\/v2\/posts\/126147\/revisions"}],"wp:attachment":[{"href":"https:\/\/linitiative.ca\/International\/wp-json\/wp\/v2\/media?parent=126147"}],"wp:term":[{"taxonomy":"category","embeddable":true,"href":"https:\/\/linitiative.ca\/International\/wp-json\/wp\/v2\/categories?post=126147"},{"taxonomy":"post_tag","embeddable":true,"href":"https:\/\/linitiative.ca\/International\/wp-json\/wp\/v2\/tags?post=126147"}],"curies":[{"name":"wp","href":"https:\/\/api.w.org\/{rel}","templated":true}]}}