{"id":126150,"date":"2021-09-05T16:26:13","date_gmt":"2021-09-05T20:26:13","guid":{"rendered":"https:\/\/linitiative.ca\/International\/tunisie-le-programme-de-kais-saied-commence-a-devenir-plus-clair\/"},"modified":"2021-09-05T16:26:13","modified_gmt":"2021-09-05T20:26:13","slug":"tunisie-le-programme-de-kais-saied-commence-a-devenir-plus-clair","status":"publish","type":"post","link":"https:\/\/linitiative.ca\/International\/tunisie-le-programme-de-kais-saied-commence-a-devenir-plus-clair\/","title":{"rendered":"Tunisie \u2013 Le programme de Ka\u00efs Sa\u00efed commence \u00e0 devenir plus clair"},"content":{"rendered":"<div>\n<p>On a pu comprendre, \u00e0 travers, les \u00e9changes qu\u2019a eus Ka\u00efs Sa\u00efed avec la d\u00e9l\u00e9gation de l\u2019UTICA, hier soir, qu\u2019il est sur le point \u00ab\u00a0d\u2019organiser ce qui devait \u00eatre organis\u00e9 pour rendre la souverainet\u00e9 au peuple\u00a0\u00bb. Donc, si on lie ce discours avec les imp\u00e9ratifs du moment, on peut comprendre qu\u2019il a tout pr\u00e9par\u00e9, puisque [\u2026]<\/p>\n<p>L\u2019article <a href=\"https:\/\/www.tunisienumerique.com\/tunisie-le-programme-de-kais-saied-commence-a-devenir-plus-clair\/\">Tunisie \u2013 Le programme de Ka\u00efs Sa\u00efed commence \u00e0 devenir plus clair<\/a> est apparu en premier sur <a href=\"https:\/\/www.tunisienumerique.com\/\">Tunisie<\/a>.<\/p>\n<\/div>\n<p>Auteur: Saber .<br \/>\n<a href=\"https:\/\/www.tunisienumerique.com\/tunisie-le-programme-de-kais-saied-commence-a-devenir-plus-clair\/\">Cliquez ici pour lire l&rsquo;article depuis sa source.<\/a><\/p>\n","protected":false},"excerpt":{"rendered":"<p>On a pu comprendre, \u00e0 travers, les \u00e9changes qu\u2019a eus Ka\u00efs Sa\u00efed avec la d\u00e9l\u00e9gation de l\u2019UTICA, hier soir, qu\u2019il est sur le point \u00ab\u00a0d\u2019organiser ce qui devait \u00eatre organis\u00e9 pour rendre la souverainet\u00e9 au peuple\u00a0\u00bb. Donc, si on lie ce discours avec les imp\u00e9ratifs du moment, on peut comprendre qu\u2019il a tout pr\u00e9par\u00e9, puisque [&hellip;]<\/p>\n","protected":false},"author":1789,"featured_media":0,"comment_status":"closed","ping_status":"closed","sticky":false,"template":"","format":"standard","meta":{"fifu_image_url":"","fifu_image_alt":"","footnotes":""},"categories":[73,55],"tags":[],"class_list":["post-126150","post","type-post","status-publish","format-standard","hentry","category-actualite","category-tunisie"],"_links":{"self":[{"href":"https:\/\/linitiative.ca\/International\/wp-json\/wp\/v2\/posts\/126150","targetHints":{"allow":["GET"]}}],"collection":[{"href":"https:\/\/linitiative.ca\/International\/wp-json\/wp\/v2\/posts"}],"about":[{"href":"https:\/\/linitiative.ca\/International\/wp-json\/wp\/v2\/types\/post"}],"author":[{"embeddable":true,"href":"https:\/\/linitiative.ca\/International\/wp-json\/wp\/v2\/users\/1789"}],"replies":[{"embeddable":true,"href":"https:\/\/linitiative.ca\/International\/wp-json\/wp\/v2\/comments?post=126150"}],"version-history":[{"count":0,"href":"https:\/\/linitiative.ca\/International\/wp-json\/wp\/v2\/posts\/126150\/revisions"}],"wp:attachment":[{"href":"https:\/\/linitiative.ca\/International\/wp-json\/wp\/v2\/media?parent=126150"}],"wp:term":[{"taxonomy":"category","embeddable":true,"href":"https:\/\/linitiative.ca\/International\/wp-json\/wp\/v2\/categories?post=126150"},{"taxonomy":"post_tag","embeddable":true,"href":"https:\/\/linitiative.ca\/International\/wp-json\/wp\/v2\/tags?post=126150"}],"curies":[{"name":"wp","href":"https:\/\/api.w.org\/{rel}","templated":true}]}}