{"id":126152,"date":"2021-09-05T15:11:00","date_gmt":"2021-09-05T19:11:00","guid":{"rendered":"https:\/\/linitiative.ca\/International\/affaire-patron-de-la-forsat-au-mali\/"},"modified":"2021-09-05T15:11:00","modified_gmt":"2021-09-05T19:11:00","slug":"affaire-patron-de-la-forsat-au-mali","status":"publish","type":"post","link":"https:\/\/linitiative.ca\/International\/affaire-patron-de-la-forsat-au-mali\/","title":{"rendered":"AFFAIRE PATRON DE LA FORSAT AU MALI  \u00a0"},"content":{"rendered":"<div>\n<p><img decoding=\"async\" width=\"768\" height=\"384\" src=\"https:\/\/linitiative.ca\/International\/wp-content\/uploads\/sites\/23\/2021\/09\/Policiers-maliens.jpeg\" class=\"attachment- size- wp-post-image\" alt=\"\" loading=\"lazy\" style=\"float:left; margin:0 15px 15px 0;\" srcset=\"https:\/\/linitiative.ca\/International\/wp-content\/uploads\/sites\/23\/2021\/09\/Policiers-maliens.jpeg 768w, https:\/\/lepays.bf\/wp-content\/uploads\/2021\/09\/Policiers-maliens-300x150.jpeg 300w\" sizes=\"auto, (max-width: 768px) 100vw, 768px\">Nos tropiques sont connus pour \u00eatre, parfois, le th\u00e9\u00e2tre d\u2019\u00e9v\u00e8nements rocambolesques. Ce qui s\u2019est pass\u00e9 le 3 septembre dernier \u00e0 la maison centrale d\u2019arr\u00eat de Bamako, en est un. En effet, ce jour-l\u00e0, le patron de la FORSAT (Force sp\u00e9ciale anti-terroriste), le commissaire divisionnaire Oumar Samak\u00e9, est inculp\u00e9 et d\u00e9pos\u00e9 \u00e0 la maison centrale d\u2019arr\u00eat \u2026<\/p>\n<p>L\u2019article <a rel=\"nofollow\" href=\"https:\/\/lepays.bf\/affaire-patron-de-la-forsat-au-mali\/\">AFFAIRE PATRON DE LA FORSAT AU MALI  \u00a0<\/a> est apparu en premier sur <a rel=\"nofollow\" href=\"https:\/\/lepays.bf\/\">Editions Le Pays<\/a>.<\/p>\n<\/div>\n<p>Auteur: Editions LEPAYS<br \/>\n<a href=\"https:\/\/lepays.bf\/affaire-patron-de-la-forsat-au-mali\/\">Cliquez ici pour lire l&rsquo;article depuis sa source.<\/a><\/p>\n","protected":false},"excerpt":{"rendered":"<p>Nos tropiques sont connus pour \u00eatre, parfois, le th\u00e9\u00e2tre d\u2019\u00e9v\u00e8nements rocambolesques. Ce qui s\u2019est pass\u00e9 le 3 septembre dernier \u00e0 la maison centrale d\u2019arr\u00eat de Bamako, en est un. En effet, ce jour-l\u00e0, le patron de la FORSAT (Force sp\u00e9ciale anti-terroriste), le commissaire divisionnaire Oumar Samak\u00e9, est inculp\u00e9 et d\u00e9pos\u00e9 \u00e0 la maison centrale d\u2019arr\u00eat [&hellip;]<\/p>\n","protected":false},"author":1813,"featured_media":0,"comment_status":"closed","ping_status":"closed","sticky":false,"template":"","format":"standard","meta":{"fifu_image_url":"https:\/\/lepays.bf\/wp-content\/uploads\/2021\/09\/Policiers-maliens.jpeg","fifu_image_alt":"AFFAIRE PATRON DE LA FORSAT AU MALI  \u00a0","footnotes":""},"categories":[73,81],"tags":[],"class_list":["post-126152","post","type-post","status-publish","format-standard","hentry","category-actualite","category-burkina-faso"],"_links":{"self":[{"href":"https:\/\/linitiative.ca\/International\/wp-json\/wp\/v2\/posts\/126152","targetHints":{"allow":["GET"]}}],"collection":[{"href":"https:\/\/linitiative.ca\/International\/wp-json\/wp\/v2\/posts"}],"about":[{"href":"https:\/\/linitiative.ca\/International\/wp-json\/wp\/v2\/types\/post"}],"author":[{"embeddable":true,"href":"https:\/\/linitiative.ca\/International\/wp-json\/wp\/v2\/users\/1813"}],"replies":[{"embeddable":true,"href":"https:\/\/linitiative.ca\/International\/wp-json\/wp\/v2\/comments?post=126152"}],"version-history":[{"count":0,"href":"https:\/\/linitiative.ca\/International\/wp-json\/wp\/v2\/posts\/126152\/revisions"}],"wp:attachment":[{"href":"https:\/\/linitiative.ca\/International\/wp-json\/wp\/v2\/media?parent=126152"}],"wp:term":[{"taxonomy":"category","embeddable":true,"href":"https:\/\/linitiative.ca\/International\/wp-json\/wp\/v2\/categories?post=126152"},{"taxonomy":"post_tag","embeddable":true,"href":"https:\/\/linitiative.ca\/International\/wp-json\/wp\/v2\/tags?post=126152"}],"curies":[{"name":"wp","href":"https:\/\/api.w.org\/{rel}","templated":true}]}}