{"id":126154,"date":"2021-09-05T15:13:46","date_gmt":"2021-09-05T19:13:46","guid":{"rendered":"https:\/\/linitiative.ca\/International\/coup-detat-en-guinee-conakry\/"},"modified":"2021-09-05T15:13:46","modified_gmt":"2021-09-05T19:13:46","slug":"coup-detat-en-guinee-conakry","status":"publish","type":"post","link":"https:\/\/linitiative.ca\/International\/coup-detat-en-guinee-conakry\/","title":{"rendered":"COUP D\u2019ETAT EN GUINEE-CONAKRY  \u00a0"},"content":{"rendered":"<div>\n<p><img decoding=\"async\" width=\"592\" height=\"296\" src=\"https:\/\/linitiative.ca\/International\/wp-content\/uploads\/sites\/23\/2021\/09\/GUINEE.jpeg\" class=\"attachment- size- wp-post-image\" alt=\"\" loading=\"lazy\" style=\"float:left; margin:0 15px 15px 0;\" srcset=\"https:\/\/linitiative.ca\/International\/wp-content\/uploads\/sites\/23\/2021\/09\/GUINEE.jpeg 592w, https:\/\/lepays.bf\/wp-content\/uploads\/2021\/09\/GUINEE-300x150.jpeg 300w\" sizes=\"auto, (max-width: 592px) 100vw, 592px\">Quelle mouche a bien pu piquer Alpha Cond\u00e9 pour qu\u2019il d\u00e9cide, \u00e0 son retour de vacances,\u00a0 de sceller le sort du puissant commandant du Groupement des forces sp\u00e9ciales, le colonel Mamady Doumbouya? Difficile \u00e0 dire ou \u00e0 savoir pour l\u2019instant. Mais une chose est s\u00fbre, mal lui en a pris, puisque les \u00e9l\u00e9ments de l\u2019unit\u00e9 \u2026<\/p>\n<p>L\u2019article <a rel=\"nofollow\" href=\"https:\/\/lepays.bf\/coup-detat-en-guinee-conakry\/\">COUP D\u2019ETAT EN GUINEE-CONAKRY  \u00a0<\/a> est apparu en premier sur <a rel=\"nofollow\" href=\"https:\/\/lepays.bf\/\">Editions Le Pays<\/a>.<\/p>\n<\/div>\n<p>Auteur: Editions LEPAYS<br \/>\n<a href=\"https:\/\/lepays.bf\/coup-detat-en-guinee-conakry\/\">Cliquez ici pour lire l&rsquo;article depuis sa source.<\/a><\/p>\n","protected":false},"excerpt":{"rendered":"<p>Quelle mouche a bien pu piquer Alpha Cond\u00e9 pour qu\u2019il d\u00e9cide, \u00e0 son retour de vacances,\u00a0 de sceller le sort du puissant commandant du Groupement des forces sp\u00e9ciales, le colonel Mamady Doumbouya? Difficile \u00e0 dire ou \u00e0 savoir pour l\u2019instant. Mais une chose est s\u00fbre, mal lui en a pris, puisque les \u00e9l\u00e9ments de l\u2019unit\u00e9 [&hellip;]<\/p>\n","protected":false},"author":1813,"featured_media":0,"comment_status":"closed","ping_status":"closed","sticky":false,"template":"","format":"standard","meta":{"fifu_image_url":"https:\/\/lepays.bf\/wp-content\/uploads\/2021\/09\/GUINEE.jpeg","fifu_image_alt":"COUP D\u2019ETAT EN GUINEE-CONAKRY  \u00a0","footnotes":""},"categories":[73,81],"tags":[],"class_list":["post-126154","post","type-post","status-publish","format-standard","hentry","category-actualite","category-burkina-faso"],"_links":{"self":[{"href":"https:\/\/linitiative.ca\/International\/wp-json\/wp\/v2\/posts\/126154","targetHints":{"allow":["GET"]}}],"collection":[{"href":"https:\/\/linitiative.ca\/International\/wp-json\/wp\/v2\/posts"}],"about":[{"href":"https:\/\/linitiative.ca\/International\/wp-json\/wp\/v2\/types\/post"}],"author":[{"embeddable":true,"href":"https:\/\/linitiative.ca\/International\/wp-json\/wp\/v2\/users\/1813"}],"replies":[{"embeddable":true,"href":"https:\/\/linitiative.ca\/International\/wp-json\/wp\/v2\/comments?post=126154"}],"version-history":[{"count":0,"href":"https:\/\/linitiative.ca\/International\/wp-json\/wp\/v2\/posts\/126154\/revisions"}],"wp:attachment":[{"href":"https:\/\/linitiative.ca\/International\/wp-json\/wp\/v2\/media?parent=126154"}],"wp:term":[{"taxonomy":"category","embeddable":true,"href":"https:\/\/linitiative.ca\/International\/wp-json\/wp\/v2\/categories?post=126154"},{"taxonomy":"post_tag","embeddable":true,"href":"https:\/\/linitiative.ca\/International\/wp-json\/wp\/v2\/tags?post=126154"}],"curies":[{"name":"wp","href":"https:\/\/api.w.org\/{rel}","templated":true}]}}