{"id":126156,"date":"2021-09-05T16:26:31","date_gmt":"2021-09-05T20:26:31","guid":{"rendered":"https:\/\/linitiative.ca\/International\/conference-des-nations-unies-pour-le-commerce-climat-covid-19-digitalisation-au-menu\/"},"modified":"2021-09-05T16:26:31","modified_gmt":"2021-09-05T20:26:31","slug":"conference-des-nations-unies-pour-le-commerce-climat-covid-19-digitalisation-au-menu","status":"publish","type":"post","link":"https:\/\/linitiative.ca\/International\/conference-des-nations-unies-pour-le-commerce-climat-covid-19-digitalisation-au-menu\/","title":{"rendered":"Conf\u00e9rence des Nations unies pour le commerce : Climat, COVID-19, digitalisation\u2026  au menu"},"content":{"rendered":"<div>\n<p><strong>En pr\u00e9lude \u00e0 la 15e session de la Conf\u00e9rence des Nations unies pour le commerce et le d\u00e9veloppement (CNUCED), sa secr\u00e9taire g\u00e9n\u00e9rale adjointe par int\u00e9rim, Isabelle Durant, a anim\u00e9, le vendredi 3 septembre 2021, depuis Gen\u00e8ve, une conf\u00e9rence de presse sur les sujets qui seront abord\u00e9s au cours de cette quadriennale de l\u2019organisation.<\/strong><\/p>\n<p>La Conf\u00e9rence des Nations unies pour le commerce et le d\u00e9veloppement (CNUCED) tiendra sa 15e session quadriennale en ligne, du 3 au 7 octobre 2021, dans un contexte mondial particulier, marqu\u00e9 par la COVID-19 ayant mis \u00e0 rude \u00e9preuve l\u2019\u00e9conomie mondiale. Pour lever un coin de voile sur l\u2019enjeu et les sujets qui seront \u00e0 l\u2019ordre du jour de cette premi\u00e8re grande conf\u00e9rence de la CNUCED apr\u00e8s l\u2019av\u00e8nement de la maladie \u00e0 coronavirus, la secr\u00e9taire g\u00e9n\u00e9rale adjointe par int\u00e9rim de l\u2019organisation, Isabelle Durant, a anim\u00e9 un point de presse \u00e0 partir de Gen\u00e8ve le vendredi 3 septembre 2021.<\/p>\n<p>Cette 15e conf\u00e9rence va r\u00e9unir diff\u00e9rentes personnalit\u00e9s du monde du syst\u00e8me des Nations unies, des chefs d\u2019Etat et de gouvernement, des ministres, des universitaires de pr\u00e8s de 200 pays autour du th\u00e8me : \u00ab Des in\u00e9galit\u00e9s et de la vuln\u00e9rabilit\u00e9 \u00e0 la prosp\u00e9rit\u00e9 pour tous \u00bb. L\u2019objectif est de d\u00e9finir une voie durable de d\u00e9veloppement pour l\u2019avenir. Selon Isabelle Durant, cette rencontre internationale va mettre en \u00e9vidence la voix des pays en d\u00e9veloppement, voir ce qu\u2019il faut faire \u00e0 court terme sur les questions de commerce, de digitalisation de l\u2019\u00e9conomie, de climat afin d\u2019inverser la tendance.<\/p>\n<h3>Vers une \u00e9conomie verte<\/h3>\n<p>\u00ab Une th\u00e9matique qui va \u00e9merger dans toutes les discussions est celle du financement du d\u00e9veloppement, du changement climatique, car depuis la COVID-19, les pays en d\u00e9veloppement ont \u00e9t\u00e9 durement affect\u00e9s, \u00e0 des degr\u00e9s variables : blocages de l\u2019\u00e9conomie, des exportations. Ils ont donc plus que jamais besoin de financements pour relancer leurs \u00e9conomies \u00bb, a-t-elle pr\u00e9cis\u00e9. Pour ce qui est de la question du climat pour des pays les moins \u00e9metteurs mais les plus affect\u00e9s, les discussions vont porter, entre autres, sur comment s\u2019orienter vers une \u00e9conomie plus verte, protectrice des ressources naturelles, sortir des \u00e9nergies fossiles, comment r\u00e9soudre la probl\u00e9matique des tonnes des sachets plastiques qui finissent dans la mer et r\u00e9duisent les ressources halieutiques, a-t-elle indiqu\u00e9.<\/p>\n<p>La digitalisation de l\u2019\u00e9conomie, a poursuivi Mme Durant, va \u00e9galement occuper une place centrale dans les d\u00e9bats de cette 15e session de la CNUCED afin de rechercher des alternatives aux in\u00e9galit\u00e9s en la mati\u00e8re. Pr\u00e8s de 90% des b\u00e9n\u00e9fices de l\u2019\u00e9conomie num\u00e9rique sont concentr\u00e9s aux USA et en Chine et 10% dans le reste du monde ; il y a un vrai probl\u00e8me, a-t-elle d\u00e9plor\u00e9. Pour la conf\u00e9renci\u00e8re du jour, les pays en voie de d\u00e9veloppement ne doivent pas \u00eatre des b\u00e9n\u00e9ficiaires passifs du d\u00e9veloppement num\u00e9rique.<\/p>\n<h3>Sortir du statu quo<\/h3>\n<p>Face \u00e0 la crise sanitaire mondiale, la prochaine session de la CNUCED va se pencher sur les urgences de changement et d\u2019orientations qu\u2019il faut prendre sur plusieurs sujets de d\u00e9veloppement ; car la COVID-19 a mis en \u00e9vidence de mani\u00e8re spectaculaire les in\u00e9galit\u00e9s et vuln\u00e9rabilit\u00e9s dans le monde, a confi\u00e9 Isabelle Durant.<\/p>\n<p>Mais depuis plus de 60 ans, on a le sentiment que les lignes ne bougent pas car les probl\u00e9matiques de d\u00e9veloppement restent les m\u00eames. R\u00e9pondant \u00e0 cette pr\u00e9occupation des journalistes, la secr\u00e9taire g\u00e9n\u00e9rale adjointe par int\u00e9rim de la CENUCED a reconnu la n\u00e9cessit\u00e9 pour son organisation de changer le fusil d\u2019\u00e9paule, d\u2019ouvrir de nouveaux chapitres, de vaincre le conservatisme au sein du syst\u00e8me des Nations unies pour plus de r\u00e9sultats. Les questions des journalistes ont \u00e9galement port\u00e9 sur les attentes particuli\u00e8res des pays africains, la fiscalit\u00e9 \u00e0 l\u2019\u00e8re du digital qui constitue un manque \u00e0 gagner en termes de recettes fiscales pour les pays en d\u00e9veloppement.<\/p>\n<p>Cette derni\u00e8re question de la fiscalit\u00e9 de l\u2019\u00e9conomie num\u00e9rique sera \u00e0 l\u2019ordre du jour de la conf\u00e9rence, surtout lors des tables rondes minist\u00e9rielles, mais pas en profondeur. La probl\u00e9matique sera mieux prise en charge lors des prochains sommets de l\u2019e-commerce qui auront lieu \u00e0 Gen\u00e8ve et au Cameroun, courant 2022, a fait savoir Mme Durant.<\/p>\n<p style=\"text-align: right\"><strong>Mahamadi SEBOGO <\/strong><\/p>\n<p style=\"text-align: right\">Windmad76@gmail.com<\/p>\n<p>L\u2019article <a rel=\"nofollow\" href=\"https:\/\/www.sidwaya.info\/blog\/2021\/09\/05\/conference-des-nations-unies-pour-le-commerce-climat-covid-19-digitalisation-au-menu\/\">Conf\u00e9rence des Nations unies pour le commerce : Climat, COVID-19, digitalisation\u2026  au menu<\/a> est apparu en premier sur <a rel=\"nofollow\" href=\"https:\/\/www.sidwaya.info\/\">Quotidien Sidwaya<\/a>.<\/p>\n<\/div>\n<p>Auteur: JK. Sidwaya<br \/>\n<a href=\"https:\/\/www.sidwaya.info\/blog\/2021\/09\/05\/conference-des-nations-unies-pour-le-commerce-climat-covid-19-digitalisation-au-menu\/\">Cliquez ici pour lire l&rsquo;article depuis sa source.<\/a><\/p>\n","protected":false},"excerpt":{"rendered":"<p>En pr\u00e9lude \u00e0 la 15e session de la Conf\u00e9rence des Nations unies pour le commerce et le d\u00e9veloppement (CNUCED), sa secr\u00e9taire g\u00e9n\u00e9rale adjointe par int\u00e9rim, Isabelle Durant, a anim\u00e9, le vendredi 3 septembre 2021, depuis Gen\u00e8ve, une conf\u00e9rence de presse sur les sujets qui seront abord\u00e9s au cours de cette quadriennale de l\u2019organisation. La Conf\u00e9rence [&hellip;]<\/p>\n","protected":false},"author":1816,"featured_media":0,"comment_status":"closed","ping_status":"closed","sticky":false,"template":"","format":"standard","meta":{"fifu_image_url":"","fifu_image_alt":"","footnotes":""},"categories":[73,81],"tags":[],"class_list":["post-126156","post","type-post","status-publish","format-standard","hentry","category-actualite","category-burkina-faso"],"_links":{"self":[{"href":"https:\/\/linitiative.ca\/International\/wp-json\/wp\/v2\/posts\/126156","targetHints":{"allow":["GET"]}}],"collection":[{"href":"https:\/\/linitiative.ca\/International\/wp-json\/wp\/v2\/posts"}],"about":[{"href":"https:\/\/linitiative.ca\/International\/wp-json\/wp\/v2\/types\/post"}],"author":[{"embeddable":true,"href":"https:\/\/linitiative.ca\/International\/wp-json\/wp\/v2\/users\/1816"}],"replies":[{"embeddable":true,"href":"https:\/\/linitiative.ca\/International\/wp-json\/wp\/v2\/comments?post=126156"}],"version-history":[{"count":0,"href":"https:\/\/linitiative.ca\/International\/wp-json\/wp\/v2\/posts\/126156\/revisions"}],"wp:attachment":[{"href":"https:\/\/linitiative.ca\/International\/wp-json\/wp\/v2\/media?parent=126156"}],"wp:term":[{"taxonomy":"category","embeddable":true,"href":"https:\/\/linitiative.ca\/International\/wp-json\/wp\/v2\/categories?post=126156"},{"taxonomy":"post_tag","embeddable":true,"href":"https:\/\/linitiative.ca\/International\/wp-json\/wp\/v2\/tags?post=126156"}],"curies":[{"name":"wp","href":"https:\/\/api.w.org\/{rel}","templated":true}]}}