{"id":126157,"date":"2021-09-05T16:53:02","date_gmt":"2021-09-05T20:53:02","guid":{"rendered":"https:\/\/linitiative.ca\/International\/conference-des-chefs-de-circonscriptions-administratives-la-necessite-de-restaurer-lautorite-de-letat\/"},"modified":"2021-09-05T16:53:02","modified_gmt":"2021-09-05T20:53:02","slug":"conference-des-chefs-de-circonscriptions-administratives-la-necessite-de-restaurer-lautorite-de-letat","status":"publish","type":"post","link":"https:\/\/linitiative.ca\/International\/conference-des-chefs-de-circonscriptions-administratives-la-necessite-de-restaurer-lautorite-de-letat\/","title":{"rendered":"Conf\u00e9rence des chefs de circonscriptions administratives : La n\u00e9cessit\u00e9 de restaurer l\u2019autorit\u00e9  de l\u2019Etat"},"content":{"rendered":"<div>\n<p><strong>La IIIe conf\u00e9rence annuelle des Chefs de circonscriptions administratives (CCA) s\u2019est tenue, le vendredi 3 septembre 2021. <\/strong><\/p>\n<p>La IIIe Conf\u00e9rence annuelle des chefs de circonscriptions administratives (CCA) a r\u00e9uni les gouverneurs, les hauts-commissaires et les pr\u00e9fets. Tenue le 3 septembre 2021, \u00e0 Ouagadougou, sous l\u2019\u00e9gide du minist\u00e8re de l\u2019Administration territoriale et de la D\u00e9centralisation, les \u00e9changes ont port\u00e9 sur le th\u00e8me : \u00ab Mise en \u0153uvre du programme pr\u00e9sidentiel et du r\u00e9f\u00e9rentiel national de d\u00e9veloppement : r\u00f4le des CCA \u00bb. Selon le ministre en charge de l\u2019administration territoriale, Cl\u00e9ment Sawadogo, cette conf\u00e9rence se tient dans un contexte national fortement agit\u00e9.<\/p>\n<p>Car, outre la question s\u00e9curitaire pr\u00e9occupante et son corollaire de nombreuses personnes d\u00e9plac\u00e9es, la poursuite de la lutte contre la COVID-19, des manifestations criantes de l\u2019incivisme se font encore jour. Pour lui, toutes ces situations \u00e9prouvent au plus haut point les CCA souvent en premi\u00e8re ligne de leur gestion. \u00ab Sur la question s\u00e9curitaire, elle a mis en exergue la faiblesse du maillage administratif et s\u00e9curitaire qui complique les op\u00e9rations sur le terrain, y compris la gestion humanitaire. Non seulement le maillage est insuffisant, mais en plus, certaines de nos structures ont \u00e9t\u00e9 d\u00e9sert\u00e9es en raison de l\u2019ins\u00e9curit\u00e9 g\u00e9n\u00e9r\u00e9e par les attaques terroristes \u00bb, a regrett\u00e9 le ministre.<\/p>\n<p>Le d\u00e9fi, a-t-il dit, est double parce que \u00ab non seulement, nous devons reprendre toutes nos positions en cr\u00e9ant bien s\u00fbr les conditions propices, mais aussi nous devons renforcer le<\/p>\n<figure id=\"attachment_39171\" aria-describedby=\"caption-attachment-39171\" style=\"width: 300px\" class=\"wp-caption alignleft\"><img decoding=\"async\" loading=\"lazy\" class=\"size-medium wp-image-39171\" src=\"https:\/\/linitiative.ca\/International\/wp-content\/uploads\/sites\/23\/2021\/09\/aut03-300x200-1.gif\" alt=\"\" width=\"300\" height=\"200\" srcset=\"https:\/\/linitiative.ca\/International\/wp-content\/uploads\/sites\/23\/2021\/09\/aut03-300x200-1.gif 300w, https:\/\/www.sidwaya.info\/wp-content\/uploads\/2021\/09\/aut03-768x511.gif 768w, https:\/\/www.sidwaya.info\/wp-content\/uploads\/2021\/09\/aut03-150x100.gif 150w, https:\/\/www.sidwaya.info\/wp-content\/uploads\/2021\/09\/aut03-696x463.gif 696w, https:\/\/www.sidwaya.info\/wp-content\/uploads\/2021\/09\/aut03-631x420.gif 631w\" sizes=\"auto, (max-width: 300px) 100vw, 300px\"><figcaption id=\"caption-attachment-39171\" class=\"wp-caption-text\">Le Premier ministre, Christophe Joseph Marie Dabir\u00e9 a rappel\u00e9 que la mise en \u0153uvre r\u00e9ussie du r\u00e9f\u00e9rentiel de d\u00e9veloppement passe aussi par la restauration de l\u2019autorit\u00e9 de l\u2019Etat.<\/figcaption><\/figure>\n<p>tissu administratif par un meilleur d\u00e9coupage qui rapproche davantage l\u2019administration des populations, d\u2019o\u00f9 l\u2019int\u00e9r\u00eat de ces chantiers multiples sur lesquels travaille le gouvernement\u00bb. D\u2019o\u00f9 \u00e9galement l\u2019imp\u00e9rieuse n\u00e9cessit\u00e9 du red\u00e9coupage territorial, un dossier- phare de notre d\u00e9partement en cours de traitement, a affirm\u00e9 le ministre. \u00ab A l\u2019occasion de la lutte contre les actions terroristes, nous nous sommes rendu compte qu\u2019il y a des pans entiers de notre territoire qui ne sont pas bien maill\u00e9s ni par l\u2019administration ni par les services de s\u00e9curit\u00e9 de l\u2019Etat.<\/p>\n<p>C\u2019est un chantier qui est engag\u00e9 et une commission technique est en train de r\u00e9fl\u00e9chir et d\u00e9posera bient\u00f4t ses conclusions qui vont permettre de lancer des concertations au niveau des r\u00e9gions pour permettre au gouvernement d\u2019en faire la synth\u00e8se pour tirer un dossier final qui sera soumis \u00e0 la Repr\u00e9sentation nationale. Le dossier ne sera certainement pas pr\u00eat pour les \u00e9lections municipales de 2022\u00bb, a justifi\u00e9 Cl\u00e9ment Sawadogo.<\/p>\n<h3>Assumer la toute responsabilit\u00e9<\/h3>\n<p>Si la lutte contre le terrorisme a \u00e9t\u00e9 impos\u00e9e par des hommes incultes, il a reconnu que d\u2019autres fl\u00e9aux minent notre soci\u00e9t\u00e9 et compliquent le travail de l\u2019Etat et des CCA en particulier. \u00ab Deux faits majeurs survenus ces derniers temps illustrent cette triste r\u00e9alit\u00e9, la tuerie ignoble des trois agents du CCVA \u00e0 Banlo et la mort de huit personnes \u00e0 Sabc\u00e9 dans les d\u00e9combres de la mine de Bissagold \u00bb, a-t-il dit, d\u00e9plor\u00e9. Il a expliqu\u00e9 qu\u2019\u00e0 toutes ces situations, il convient d\u2019ajouter l\u2019effet n\u00e9faste des r\u00e9seaux sociaux, exploit\u00e9s de fa\u00e7on diabolique par les auteurs de fausses nouvelles et de rumeurs insipides et fallacieuses, qui<\/p>\n<figure id=\"attachment_39174\" aria-describedby=\"caption-attachment-39174\" style=\"width: 300px\" class=\"wp-caption alignright\"><img decoding=\"async\" loading=\"lazy\" class=\"size-medium wp-image-39174\" src=\"https:\/\/linitiative.ca\/International\/wp-content\/uploads\/sites\/23\/2021\/09\/autorite-300x200-1.gif\" alt=\"\" width=\"300\" height=\"200\" srcset=\"https:\/\/linitiative.ca\/International\/wp-content\/uploads\/sites\/23\/2021\/09\/autorite-300x200-1.gif 300w, https:\/\/www.sidwaya.info\/wp-content\/uploads\/2021\/09\/autorite-768x512.gif 768w, https:\/\/www.sidwaya.info\/wp-content\/uploads\/2021\/09\/autorite-150x100.gif 150w, https:\/\/www.sidwaya.info\/wp-content\/uploads\/2021\/09\/autorite-696x464.gif 696w, https:\/\/www.sidwaya.info\/wp-content\/uploads\/2021\/09\/autorite-630x420.gif 630w\" sizes=\"auto, (max-width: 300px) 100vw, 300px\"><figcaption id=\"caption-attachment-39174\" class=\"wp-caption-text\">Le ministre en charge de l\u2019administration territoriale, Cl\u00e9ment Sawadogo : \u00ab nous devons renforcer le tissu administratif par un meilleur d\u00e9coupage qui rapproche davantage l\u2019administration des populations \u00bb.<\/figcaption><\/figure>\n<p>cr\u00e9ent de nouveaux d\u00e9fis, entra\u00eenant une red\u00e9finition de la nature et des contours de la mission des CCA.<\/p>\n<p>Pour \u00eatre, \u00e0 la hauteur de tels d\u00e9fis, il a expliqu\u00e9 qu\u2019il faut des CCA de types nouveaux, proactifs et r\u00e9actifs, alliant intelligence et m\u00e9thodes innovantes, y compris la ma\u00eetrise des TIC. En effet, outre le d\u00e9fi s\u00e9curitaire, celui du d\u00e9veloppement constitue la pr\u00e9occupation majeure au regard des multiples attentes de nos concitoyens, a soulign\u00e9 le ministre. A cet effet, \u00e9tant les d\u00e9positaires de l\u2019autorit\u00e9 de l\u2019Etat, les participants ont \u00e9chang\u00e9 aussi avec le Premier ministre, Christophe Joseph Marie Dabir\u00e9, sur les engagements pr\u00e9sidentiels et le r\u00e9f\u00e9rentiel national de d\u00e9veloppement, le r\u00f4le des CCA dans la mise en \u0153uvre du programme pr\u00e9sidentiel, les conditions de r\u00e9ussite de sa mise en \u0153uvre au niveau r\u00e9gional, provincial et d\u00e9partemental.<\/p>\n<p>\u00ab Votre r\u00f4le est donc essentiel dans la mise en \u0153uvre r\u00e9ussie du PNDES-II. Vous devez vous l\u2019approprier, l\u2019expliquer, le porter, assurer son suivi-\u00e9valuation, veiller \u00e0 ce que nos concitoyens le connaissent et se l\u2019approprient \u00bb, a indiqu\u00e9 le chef du gouvernement. Il a signifi\u00e9 que la mise en \u0153uvre r\u00e9ussie de ce r\u00e9f\u00e9rentiel passe aussi par la restauration de l\u2019autorit\u00e9 de l\u2019Etat. C\u2019est pourquoi, il les a invit\u00e9s \u00e0 assumer en toute responsabilit\u00e9 leurs fonctions \u00e0 travers leurs attitude, discours, contribution au changement des mentalit\u00e9s et leur leadership en tant que garants de l\u2019application des textes de lois et r\u00e8glements. Il les a \u00e9galement invit\u00e9s \u00e0 relever le d\u00e9fi de la mobilisation sociale qui consiste \u00e0 rassembler et \u00e0 f\u00e9d\u00e9rer les forces vives de leurs circonscriptions administratives autour des projets de d\u00e9veloppement.<\/p>\n<p style=\"text-align: right\"><strong>Abdel Aziz NABALOUM <\/strong><\/p>\n<p style=\"text-align: right\"><strong>Justine MONNE (stagiaire) <\/strong><\/p>\n<p>L\u2019article <a rel=\"nofollow\" href=\"https:\/\/www.sidwaya.info\/blog\/2021\/09\/05\/conference-des-chefs-de-circonscriptions-administratives-la-necessite-de-restaurer-lautorite-de-letat\/\">Conf\u00e9rence des chefs de circonscriptions administratives : La n\u00e9cessit\u00e9 de restaurer l\u2019autorit\u00e9  de l\u2019Etat<\/a> est apparu en premier sur <a rel=\"nofollow\" href=\"https:\/\/www.sidwaya.info\/\">Quotidien Sidwaya<\/a>.<\/p>\n<\/div>\n<p>Auteur: JK. Sidwaya<br \/>\n<a href=\"https:\/\/www.sidwaya.info\/blog\/2021\/09\/05\/conference-des-chefs-de-circonscriptions-administratives-la-necessite-de-restaurer-lautorite-de-letat\/\">Cliquez ici pour lire l&rsquo;article depuis sa source.<\/a><\/p>\n","protected":false},"excerpt":{"rendered":"<p>La IIIe conf\u00e9rence annuelle des Chefs de circonscriptions administratives (CCA) s\u2019est tenue, le vendredi 3 septembre 2021. La IIIe Conf\u00e9rence annuelle des chefs de circonscriptions administratives (CCA) a r\u00e9uni les gouverneurs, les hauts-commissaires et les pr\u00e9fets. Tenue le 3 septembre 2021, \u00e0 Ouagadougou, sous l\u2019\u00e9gide du minist\u00e8re de l\u2019Administration territoriale et de la D\u00e9centralisation, les [&hellip;]<\/p>\n","protected":false},"author":1816,"featured_media":0,"comment_status":"closed","ping_status":"closed","sticky":false,"template":"","format":"standard","meta":{"fifu_image_url":"https:\/\/www.sidwaya.info\/wp-content\/uploads\/2021\/09\/aut03-300x200.gif","fifu_image_alt":"Conf\u00e9rence des chefs de circonscriptions administratives : La n\u00e9cessit\u00e9 de restaurer l\u2019autorit\u00e9  de l\u2019Etat","footnotes":""},"categories":[73,81],"tags":[],"class_list":["post-126157","post","type-post","status-publish","format-standard","hentry","category-actualite","category-burkina-faso"],"_links":{"self":[{"href":"https:\/\/linitiative.ca\/International\/wp-json\/wp\/v2\/posts\/126157","targetHints":{"allow":["GET"]}}],"collection":[{"href":"https:\/\/linitiative.ca\/International\/wp-json\/wp\/v2\/posts"}],"about":[{"href":"https:\/\/linitiative.ca\/International\/wp-json\/wp\/v2\/types\/post"}],"author":[{"embeddable":true,"href":"https:\/\/linitiative.ca\/International\/wp-json\/wp\/v2\/users\/1816"}],"replies":[{"embeddable":true,"href":"https:\/\/linitiative.ca\/International\/wp-json\/wp\/v2\/comments?post=126157"}],"version-history":[{"count":0,"href":"https:\/\/linitiative.ca\/International\/wp-json\/wp\/v2\/posts\/126157\/revisions"}],"wp:attachment":[{"href":"https:\/\/linitiative.ca\/International\/wp-json\/wp\/v2\/media?parent=126157"}],"wp:term":[{"taxonomy":"category","embeddable":true,"href":"https:\/\/linitiative.ca\/International\/wp-json\/wp\/v2\/categories?post=126157"},{"taxonomy":"post_tag","embeddable":true,"href":"https:\/\/linitiative.ca\/International\/wp-json\/wp\/v2\/tags?post=126157"}],"curies":[{"name":"wp","href":"https:\/\/api.w.org\/{rel}","templated":true}]}}