{"id":126160,"date":"2021-09-05T17:01:47","date_gmt":"2021-09-05T21:01:47","guid":{"rendered":"https:\/\/linitiative.ca\/International\/reconstitution-de-la-haute-volta-la-construction-de-letat-nation-en-debat\/"},"modified":"2021-09-05T17:01:47","modified_gmt":"2021-09-05T21:01:47","slug":"reconstitution-de-la-haute-volta-la-construction-de-letat-nation-en-debat","status":"publish","type":"post","link":"https:\/\/linitiative.ca\/International\/reconstitution-de-la-haute-volta-la-construction-de-letat-nation-en-debat\/","title":{"rendered":"Reconstitution de la Haute-Volta : La construction de l\u2019Etat-nation en d\u00e9bat"},"content":{"rendered":"<div>\n<p><strong>Le Mouvement endog\u00e8ne a organis\u00e9, le 4 septembre 2021, \u00e0 Ouagadougou, un panel sur le th\u00e8me : \u00ab Reconstitution de la Haute volta : rep\u00e8re pour un sursaut patriotique dans la construction de l\u2019Etat-nation \u00bb.<\/strong><\/p>\n<p>La reconstitution de la Haute-Volta, a maintenant 74 ans. Pour marquer cet anniversaire, le Mouvement endog\u00e8ne, a organis\u00e9 une conf\u00e9rence publique, le samedi 4 septembre 2021, \u00e0 Ouagadougou. L\u2019objectif, selon les organisateurs, est de susciter en chaque citoyen un \u00ab esprit patriotique \u00bb, afin de contribuer \u00e0 la construction de l\u2019Etat-nation. Selon le pr\u00e9sident du mouvement, Harouna Kabor\u00e9, par ailleurs ministre en charge du commerce, celui qui ne sait pas d\u2019o\u00f9 il vient, ne saura pas o\u00f9 il va. Pour lui, il \u00e9tait important de revisiter l\u2019histoire pour permettre d\u2019apporter des r\u00e9ponses \u00e0 la situation actuelle que conna\u00eet le Burkina Faso. \u00ab Le 74e anniversaire de la reconstitution de la Haute-Volta est une date importante parce que c\u2019est l\u2019aboutissement de 15 ans (1932-1947) de lutte \u00bb, a-t-il dit.<\/p>\n<p>Cette p\u00e9riode, a rappel\u00e9 M. Kabor\u00e9, a \u00e9t\u00e9 jalonn\u00e9e de divergences, de combat et de repli identitaire \u2026, une situation similaire, selon lui, \u00e0 celle que le pays vit actuellement face \u00e0 l\u2019hydre terroriste. \u00ab Comment les autres ont fait pour surmonter leurs divergences pour construire l\u2019Etat-nation et pourquoi pas nous ? \u00bb, s\u2019est-il demand\u00e9. Ainsi, a fait savoir Harouna Kabor\u00e9, la contribution des \u00ab \u00e9minents \u00bb communicateurs et des participants autour th\u00e8me : \u00ab Reconstitution de la Haute volta : rep\u00e8re pour un sursaut patriotique dans la construction de l\u2019Etat-nation \u00bb devait permettre de produire un document pour l\u2019\u00e9dification de l\u2019Etat-nation.<\/p>\n<h3>Le changement par les villages<\/h3>\n<p>A l\u2019introduction de sa communication, le Pr Jean Marc Palm, a expliqu\u00e9 que l\u2019Etat-nation a<\/p>\n<figure id=\"attachment_39181\" aria-describedby=\"caption-attachment-39181\" style=\"width: 300px\" class=\"wp-caption alignleft\"><img decoding=\"async\" loading=\"lazy\" class=\"size-medium wp-image-39181\" src=\"https:\/\/linitiative.ca\/International\/wp-content\/uploads\/sites\/23\/2021\/09\/debat1-300x225-1.gif\" alt=\"\" width=\"300\" height=\"225\" srcset=\"https:\/\/linitiative.ca\/International\/wp-content\/uploads\/sites\/23\/2021\/09\/debat1-300x225-1.gif 300w, https:\/\/www.sidwaya.info\/wp-content\/uploads\/2021\/09\/debat1-768x576.gif 768w, https:\/\/www.sidwaya.info\/wp-content\/uploads\/2021\/09\/debat1-150x112.gif 150w, https:\/\/www.sidwaya.info\/wp-content\/uploads\/2021\/09\/debat1-696x522.gif 696w, https:\/\/www.sidwaya.info\/wp-content\/uploads\/2021\/09\/debat1-560x420.gif 560w, https:\/\/www.sidwaya.info\/wp-content\/uploads\/2021\/09\/debat1-80x60.gif 80w, https:\/\/www.sidwaya.info\/wp-content\/uploads\/2021\/09\/debat1-265x198.gif 265w\" sizes=\"auto, (max-width: 300px) 100vw, 300px\"><figcaption id=\"caption-attachment-39181\" class=\"wp-caption-text\">Le pr\u00e9sident du Mouvement endog\u00e8ne, Harouna Kabor\u00e9 : \u00ab Nous invitons tout le monde \u00e0 la r\u00e9flexion collective mais aussi \u00e0 des actions pour tirer le pays vers le haut \u00bb.<\/figcaption><\/figure>\n<p>toujours \u00e9t\u00e9 en construction. A l\u2019entendre, depuis le temps colonial jusqu\u2019apr\u00e8s l\u2019av\u00e8nement de la R\u00e9volution d\u2019Ao\u00fbt 1984, il y a eu des tentatives de construction de l\u2019Etat-nation malgr\u00e9 le r\u00e9gionalisme bas\u00e9 sur l\u2019ethnicisation et les divergences des partis politiques. Pour permettre au Burkina Faso de construire l\u2019Etat-nation, il a recommand\u00e9 entre autres, la citoyennet\u00e9, le patriotisme, l\u2019am\u00e9lioration de la d\u00e9centralisation et l\u2019\u00e9mergence m\u00eame de la conscience nationale. Pour sa part, le Pr Basile Guissou, dans sa pr\u00e9sentation, a signifi\u00e9 que le vivre-ensemble pour la construction de l\u2019Etat-nation doit passer forc\u00e9ment par \u00ab sa reconstitution et la reconstruction \u00bb.<\/p>\n<p>Pour cela, il a fait r\u00e9f\u00e9rence aux luttes des pionniers, comme Nazi Boni, le Moogho Naaba d\u2019alors, Philippe Zinda Kabor\u00e9 \u2026 pour le r\u00e9tablissement des fronti\u00e8res de la Haute-Volta. Il a lui aussi relev\u00e9 que c\u2019est le multipartisme qui a contribu\u00e9 \u00e0 ce que l\u2019Etat-nation n\u2019ait pas vu le jour. Cependant, a-t-il dit, les lignes bougent \u00ab petitement \u00bb. La construction de l\u2019Etat-nation ne sera possible que par le changement \u00e0 partir du bas, c\u2019est-\u00e0-dire dans les villages, a affirm\u00e9 le Pr Guissou. \u00ab Nous devons acc\u00e9l\u00e9rer la cadence des changements en \u00e9vitant de faire ce que l\u2019ancien pr\u00e9sident Thomas Sankara appelait \u2018\u2019cent pas sans le peuple \u2018\u2019 \u00bb, a-t-il appel\u00e9. De son avis, le Burkina Faso a une des plus riches histoires institutionnelle et politique de l\u2019Afrique et son \u00e9lite doit en prendre conscience.<\/p>\n<p>\u00ab Nous continuons de penser toujours que c\u2019est un pays pauvre, enclav\u00e9 \u2026 ce n\u2019est pas juste \u00bb, a-t-il r\u00e9fut\u00e9. Le ministre en charge de l\u2019enseignement sup\u00e9rieur, Pr Alkassoum Ma\u00efga, a salu\u00e9 cette initiative qu\u2019il juge \u00ab fantastique \u00bb. A l\u2019\u00e9couter, un tel panel va permettre aux Burkinab\u00e9 de se r\u00e9f\u00e9rer \u00e0 leurs racines pour trouver les ressorts en vue de construire le pays. \u00ab Nous pensons que ce sont des r\u00e9flexions qu\u2019il faut donner \u00e0 la nouvelle g\u00e9n\u00e9ration pour que chacun se rende compte que ce pays a \u00e9t\u00e9 acquis par des citoyens qui n\u2019ont pas b\u00e9n\u00e9ficier des fruits de leur lutte \u00bb, a-t-il soulign\u00e9.<\/p>\n<p style=\"text-align: right\"><strong>Aly SAWADOGO <\/strong><\/p>\n<p style=\"text-align: right\"><strong>Justine MONNE<\/strong> (Stagiaire)<\/p>\n<p>L\u2019article <a rel=\"nofollow\" href=\"https:\/\/www.sidwaya.info\/blog\/2021\/09\/05\/reconstitution-de-la-haute-volta-la-construction-de-letat-nation-en-debat\/\">Reconstitution de la Haute-Volta : La construction de l\u2019Etat-nation en d\u00e9bat<\/a> est apparu en premier sur <a rel=\"nofollow\" href=\"https:\/\/www.sidwaya.info\/\">Quotidien Sidwaya<\/a>.<\/p>\n<\/div>\n<p>Auteur: JK. Sidwaya<br \/>\n<a href=\"https:\/\/www.sidwaya.info\/blog\/2021\/09\/05\/reconstitution-de-la-haute-volta-la-construction-de-letat-nation-en-debat\/\">Cliquez ici pour lire l&rsquo;article depuis sa source.<\/a><\/p>\n","protected":false},"excerpt":{"rendered":"<p>Le Mouvement endog\u00e8ne a organis\u00e9, le 4 septembre 2021, \u00e0 Ouagadougou, un panel sur le th\u00e8me : \u00ab Reconstitution de la Haute volta : rep\u00e8re pour un sursaut patriotique dans la construction de l\u2019Etat-nation \u00bb. La reconstitution de la Haute-Volta, a maintenant 74 ans. Pour marquer cet anniversaire, le Mouvement endog\u00e8ne, a organis\u00e9 une conf\u00e9rence [&hellip;]<\/p>\n","protected":false},"author":1816,"featured_media":0,"comment_status":"closed","ping_status":"closed","sticky":false,"template":"","format":"standard","meta":{"fifu_image_url":"https:\/\/www.sidwaya.info\/wp-content\/uploads\/2021\/09\/debat1-300x225.gif","fifu_image_alt":"Reconstitution de la Haute-Volta : La construction de l\u2019Etat-nation en d\u00e9bat","footnotes":""},"categories":[73,81],"tags":[],"class_list":["post-126160","post","type-post","status-publish","format-standard","hentry","category-actualite","category-burkina-faso"],"_links":{"self":[{"href":"https:\/\/linitiative.ca\/International\/wp-json\/wp\/v2\/posts\/126160","targetHints":{"allow":["GET"]}}],"collection":[{"href":"https:\/\/linitiative.ca\/International\/wp-json\/wp\/v2\/posts"}],"about":[{"href":"https:\/\/linitiative.ca\/International\/wp-json\/wp\/v2\/types\/post"}],"author":[{"embeddable":true,"href":"https:\/\/linitiative.ca\/International\/wp-json\/wp\/v2\/users\/1816"}],"replies":[{"embeddable":true,"href":"https:\/\/linitiative.ca\/International\/wp-json\/wp\/v2\/comments?post=126160"}],"version-history":[{"count":0,"href":"https:\/\/linitiative.ca\/International\/wp-json\/wp\/v2\/posts\/126160\/revisions"}],"wp:attachment":[{"href":"https:\/\/linitiative.ca\/International\/wp-json\/wp\/v2\/media?parent=126160"}],"wp:term":[{"taxonomy":"category","embeddable":true,"href":"https:\/\/linitiative.ca\/International\/wp-json\/wp\/v2\/categories?post=126160"},{"taxonomy":"post_tag","embeddable":true,"href":"https:\/\/linitiative.ca\/International\/wp-json\/wp\/v2\/tags?post=126160"}],"curies":[{"name":"wp","href":"https:\/\/api.w.org\/{rel}","templated":true}]}}