{"id":126164,"date":"2021-09-05T11:18:02","date_gmt":"2021-09-05T15:18:02","guid":{"rendered":"https:\/\/linitiative.ca\/International\/guinee-alpha-conde-arrete-par-les-putschistes\/"},"modified":"2021-09-05T11:18:02","modified_gmt":"2021-09-05T15:18:02","slug":"guinee-alpha-conde-arrete-par-les-putschistes","status":"publish","type":"post","link":"https:\/\/linitiative.ca\/International\/guinee-alpha-conde-arrete-par-les-putschistes\/","title":{"rendered":"Guin\u00e9e : Alpha Cond\u00e9 arr\u00eat\u00e9 par les putschistes"},"content":{"rendered":"<div>\n<p><img loading=\"lazy\" decoding=\"async\" width=\"1024\" height=\"768\" src=\"https:\/\/linitiative.ca\/International\/wp-content\/uploads\/sites\/23\/2021\/09\/16308550822290.jpg\" class=\"attachment-post-thumbnail size-post-thumbnail wp-post-image\" alt=\"\" srcset=\"https:\/\/linitiative.ca\/International\/wp-content\/uploads\/sites\/23\/2021\/09\/16308550822290.jpg 1024w, https:\/\/www.journalducameroun.com\/wp-content\/uploads\/2021\/09\/16308550822290-300x225.jpg 300w, https:\/\/www.journalducameroun.com\/wp-content\/uploads\/2021\/09\/16308550822290-768x576.jpg 768w, https:\/\/www.journalducameroun.com\/wp-content\/uploads\/2021\/09\/16308550822290-587x440.jpg 587w, https:\/\/www.journalducameroun.com\/wp-content\/uploads\/2021\/09\/16308550822290-600x450.jpg 600w\" sizes=\"auto, (max-width: 1024px) 100vw, 1024px\"><\/p>\n<h5><span style=\"font-size: 18pt;\">Sur une image surr\u00e9aliste, quatre \u00e9l\u00e9ments lourdement arm\u00e9s du Groupement des Forces Sp\u00e9ciales (GFS) se tiennent devant Alpha Cond\u00e9 dans un salon du palais pr\u00e9sidentiel.<\/span><\/h5>\n<p>\u00a0<\/p>\n<p>\u00a0<\/p>\n<p><span style=\"font-size: 18pt;\">L&rsquo;homme fort de Conakry est tomb\u00e9 de son pi\u00e9destal. T\u00f4t ce matin, le Groupement des Forces Sp\u00e9ciales (GFS) avait lanc\u00e9 un assaut aux abords de la S\u00e9koutoureya, le palais pr\u00e9sidentiel. Cette unit\u00e9 d&rsquo;\u00e9lite de l&rsquo;arm\u00e9e guin\u00e9enne est dirig\u00e9e par le colonel Mamady Doumbouya, un ancien l\u00e9gionnaire de l&rsquo;arm\u00e9e fran\u00e7aise.<\/span><\/p>\n<p><span style=\"font-size: 18pt;\">Dans un communiqu\u00e9, le minist\u00e8re guin\u00e9en de la D\u00e9fense nationale a d\u00e9clar\u00e9 que \u00ab la Garde pr\u00e9sidentielle, appuy\u00e9e par les forces de d\u00e9fense et de s\u00e9curit\u00e9, loyalistes et r\u00e9publicaines, ont contenu la menace et repouss\u00e9 le groupe d&rsquo;assaillants \u00bb.<\/span><\/p>\n<p><span style=\"font-size: 18pt;\">Mais la r\u00e9alit\u00e9 semble tout autre. Un membre du GFS, dans une vid\u00e9o relay\u00e9e sur les r\u00e9seaux sociaux, s&rsquo;assoit sur un canap\u00e9 \u00e0 c\u00f4t\u00e9 d&rsquo;Alpha Cond\u00e9 (83 ans) pour lui demander s&rsquo;il a \u00e9t\u00e9 brutalis\u00e9 dans cette op\u00e9ration. Le pr\u00e9sident d\u00e9chu, qui porte un jeans et une chemise \u00e0 moiti\u00e9 d\u00e9boutonn\u00e9e, a l&rsquo;air perdu. Tout est all\u00e9 si vite qu&rsquo;il ne semble pas comprendre la situation. Alpha Cond\u00e9 se mure alors dans le silence.<\/span><\/p>\n<p><span style=\"font-size: 18pt;\">Son tombeur, le colonel Mamady Doumbouya est un Malink\u00e9 (l&rsquo;une des ethnies de la Guin\u00e9e) r\u00e9cemment rentr\u00e9 au pays pour prendre la t\u00eate du Groupement des Forces Sp\u00e9ciales (GFS) cr\u00e9\u00e9 en 2018.<\/span><\/p>\n<p><span style=\"font-size: 18pt;\">Dans une d\u00e9claration film\u00e9e, il a annonc\u00e9 la dissolution de la Constitution en vigueur, des institutions, du gouvernement et la fermeture des fronti\u00e8res terrestres et a\u00e9riennes.<\/span><\/p>\n<p><span style=\"font-size: 18pt;\">Poursuivant, le colonel Mamady Doumbouya a appel\u00e9 \u00ab ses fr\u00e8res d&rsquo;arme \u00e0 l&rsquo;unit\u00e9 afin de r\u00e9pondre aux aspirations l\u00e9gitimes du peuple de Guin\u00e9e \u00bb. \u00a0Le nouvel homme fort de Conakry a \u00e9galement invit\u00e9 les Forces de d\u00e9fense et de s\u00e9curit\u00e9 \u00e0 \u00ab rester dans les casernes pour continuer leurs activit\u00e9s r\u00e9galiennes \u00bb, non sans promettre de ne pas \u00ab reprendre les erreurs du pass\u00e9 \u00bb.<\/span><\/p>\n<p><span style=\"font-size: 18pt;\">R\u00e9\u00e9lu en 2020 pour un troisi\u00e8me mandat, Alpha Cond\u00e9 est le pr\u00e9sident de la Guin\u00e9e depuis 2010. Une r\u00e9vision controvers\u00e9e de la Constitution lui a permis de se pr\u00e9senter et de gagner, avec 59,49 % des suffrages valablement exprim\u00e9s, l&rsquo;\u00e9lection du 18 octobre 2020 devant son rival Cellou Dalein Diallo.<\/span><\/p>\n<p>Cet article <a rel=\"nofollow\" href=\"https:\/\/www.journalducameroun.com\/guinee-alpha-conde-arrete-par-les-putschistes\/\">Guin\u00e9e : Alpha Cond\u00e9 arr\u00eat\u00e9 par les putschistes<\/a> est apparu en premier sur <a rel=\"nofollow\" href=\"https:\/\/www.journalducameroun.com\/\">Journal du Cameroun<\/a>.<\/p>\n<\/div>\n<p>Auteur: APA News<br \/>\n<a href=\"https:\/\/www.journalducameroun.com\/guinee-alpha-conde-arrete-par-les-putschistes\/\">Cliquez ici pour lire l&rsquo;article depuis sa source.<\/a><\/p>\n","protected":false},"excerpt":{"rendered":"<p>Sur une image surr\u00e9aliste, quatre \u00e9l\u00e9ments lourdement arm\u00e9s du Groupement des Forces Sp\u00e9ciales (GFS) se tiennent devant Alpha Cond\u00e9 dans un salon du palais pr\u00e9sidentiel. \u00a0 \u00a0 L&rsquo;homme fort de Conakry est tomb\u00e9 de son pi\u00e9destal. T\u00f4t ce matin, le Groupement des Forces Sp\u00e9ciales (GFS) avait lanc\u00e9 un assaut aux abords de la S\u00e9koutoureya, le [&hellip;]<\/p>\n","protected":false},"author":1965,"featured_media":0,"comment_status":"closed","ping_status":"closed","sticky":false,"template":"","format":"standard","meta":{"fifu_image_url":"https:\/\/www.journalducameroun.com\/wp-content\/uploads\/2021\/09\/16308550822290.jpg","fifu_image_alt":"Guin\u00e9e : Alpha Cond\u00e9 arr\u00eat\u00e9 par les putschistes","footnotes":""},"categories":[73,82],"tags":[],"class_list":["post-126164","post","type-post","status-publish","format-standard","hentry","category-actualite","category-cameroun"],"_links":{"self":[{"href":"https:\/\/linitiative.ca\/International\/wp-json\/wp\/v2\/posts\/126164","targetHints":{"allow":["GET"]}}],"collection":[{"href":"https:\/\/linitiative.ca\/International\/wp-json\/wp\/v2\/posts"}],"about":[{"href":"https:\/\/linitiative.ca\/International\/wp-json\/wp\/v2\/types\/post"}],"author":[{"embeddable":true,"href":"https:\/\/linitiative.ca\/International\/wp-json\/wp\/v2\/users\/1965"}],"replies":[{"embeddable":true,"href":"https:\/\/linitiative.ca\/International\/wp-json\/wp\/v2\/comments?post=126164"}],"version-history":[{"count":0,"href":"https:\/\/linitiative.ca\/International\/wp-json\/wp\/v2\/posts\/126164\/revisions"}],"wp:attachment":[{"href":"https:\/\/linitiative.ca\/International\/wp-json\/wp\/v2\/media?parent=126164"}],"wp:term":[{"taxonomy":"category","embeddable":true,"href":"https:\/\/linitiative.ca\/International\/wp-json\/wp\/v2\/categories?post=126164"},{"taxonomy":"post_tag","embeddable":true,"href":"https:\/\/linitiative.ca\/International\/wp-json\/wp\/v2\/tags?post=126164"}],"curies":[{"name":"wp","href":"https:\/\/api.w.org\/{rel}","templated":true}]}}