{"id":126166,"date":"2021-09-05T12:18:02","date_gmt":"2021-09-05T16:18:02","guid":{"rendered":"https:\/\/linitiative.ca\/International\/une-delegation-de-la-ligue-arabe-va-observer-les-elections-au-maroc\/"},"modified":"2021-09-05T12:18:02","modified_gmt":"2021-09-05T16:18:02","slug":"une-delegation-de-la-ligue-arabe-va-observer-les-elections-au-maroc","status":"publish","type":"post","link":"https:\/\/linitiative.ca\/International\/une-delegation-de-la-ligue-arabe-va-observer-les-elections-au-maroc\/","title":{"rendered":"Une d\u00e9l\u00e9gation de la Ligue arabe va observer les \u00e9lections au Maroc"},"content":{"rendered":"<div>\n<p><img loading=\"lazy\" decoding=\"async\" width=\"795\" height=\"530\" src=\"https:\/\/linitiative.ca\/International\/wp-content\/uploads\/sites\/23\/2021\/09\/16308586825778.jpg\" class=\"attachment-post-thumbnail size-post-thumbnail wp-post-image\" alt=\"\" srcset=\"https:\/\/linitiative.ca\/International\/wp-content\/uploads\/sites\/23\/2021\/09\/16308586825778.jpg 795w, https:\/\/www.journalducameroun.com\/wp-content\/uploads\/2021\/09\/16308586825778-300x200.jpg 300w, https:\/\/www.journalducameroun.com\/wp-content\/uploads\/2021\/09\/16308586825778-768x512.jpg 768w, https:\/\/www.journalducameroun.com\/wp-content\/uploads\/2021\/09\/16308586825778-660x440.jpg 660w, https:\/\/www.journalducameroun.com\/wp-content\/uploads\/2021\/09\/16308586825778-600x400.jpg 600w\" sizes=\"auto, (max-width: 795px) 100vw, 795px\"><\/p>\n<p>Par Mohamed Fayed &#8212; Une d\u00e9l\u00e9gation de la Ligue des \u00c9tats arabes participera \u00e0 l&rsquo;observation des \u00e9lections communales, r\u00e9gionales et l\u00e9gislatives qui se tiendront le 8 septembre au Maroc.<br \/>\n\tLe Secr\u00e9taire g\u00e9n\u00e9ral de la Ligue arabe, Ahmed Aboul Gheit, a \u00e9t\u00e9 charg\u00e9 de former une d\u00e9l\u00e9gation dirig\u00e9e par le diplomate tunisien Mohamed Salah Ben Aissa, secr\u00e9taire g\u00e9n\u00e9ral adjoint et chef du centre de la Ligue \u00e0 Tunis, pour observer les \u00e9lections g\u00e9n\u00e9rales pr\u00e9vues le 8 septembre 2021 au Maroc, a indiqu\u00e9 l&rsquo;organisation dimanche dans un communiqu\u00e9.<\/p>\n<p>\tArriv\u00e9e samedi au Maroc, la d\u00e9l\u00e9gation rencontrera au cours de sa mission les diff\u00e9rentes parties concern\u00e9es par la pr\u00e9paration et l&rsquo;organisation de ces \u00e9lections, selon la m\u00eame source.<\/p>\n<p>\tLes objectifs de la d\u00e9l\u00e9gation consistent \u00e0 \u00ab\u00a0\u00e9valuer les diff\u00e9rents aspects du processus \u00e9lectoral avec objectivit\u00e9 et impartialit\u00e9, y compris les campagnes \u00e9lectorales des candidats, le vote, le d\u00e9pouillement et le d\u00e9compte des suffrages, ainsi que de s&rsquo;assurer de leur conformit\u00e9 aux lois et aux r\u00e9glementations suivies dans le pays ainsi qu&rsquo;aux normes internationales\u00a0\u00bb, poursuit le document.<\/p>\n<p>\tLa mission publiera sa d\u00e9claration pr\u00e9liminaire \u00e0 la fin du processus d&rsquo;observation, ainsi que son rapport final, qui sera soumis au Secr\u00e9taire g\u00e9n\u00e9ral de la Ligue des \u00c9tats arabes, avec les observations d\u00e9taill\u00e9es sur la mission et ses recommandations, ajoute-t-on.<\/p>\n<p>\tCette initiative s&rsquo;inscrit \u00ab\u00a0dans le sillage de l&rsquo;importance accord\u00e9e par la Ligue arabe au suivi des \u00e9ch\u00e9ances \u00e9lectorales dans ses \u00c9tats membres, et de son souci de soutenir et de renforcer le processus d\u00e9mocratique, de consolider la bonne gouvernance et d&rsquo;assurer le bon d\u00e9roulement des processus \u00e9lectoraux en son sein\u00a0\u00bb, conclut le communiqu\u00e9.<\/p>\n<p>Cet article <a rel=\"nofollow\" href=\"https:\/\/www.journalducameroun.com\/une-delegation-de-la-ligue-arabe-va-observer-les-elections-au-maroc\/\">Une d\u00e9l\u00e9gation de la Ligue arabe va observer les \u00e9lections au Maroc<\/a> est apparu en premier sur <a rel=\"nofollow\" href=\"https:\/\/www.journalducameroun.com\/\">Journal du Cameroun<\/a>.<\/p>\n<\/div>\n<p>Auteur: APA News<br \/>\n<a href=\"https:\/\/www.journalducameroun.com\/une-delegation-de-la-ligue-arabe-va-observer-les-elections-au-maroc\/\">Cliquez ici pour lire l&rsquo;article depuis sa source.<\/a><\/p>\n","protected":false},"excerpt":{"rendered":"<p>Par Mohamed Fayed &#8212; Une d\u00e9l\u00e9gation de la Ligue des \u00c9tats arabes participera \u00e0 l&rsquo;observation des \u00e9lections communales, r\u00e9gionales et l\u00e9gislatives qui se tiendront le 8 septembre au Maroc. Le Secr\u00e9taire g\u00e9n\u00e9ral de la Ligue arabe, Ahmed Aboul Gheit, a \u00e9t\u00e9 charg\u00e9 de former une d\u00e9l\u00e9gation dirig\u00e9e par le diplomate tunisien Mohamed Salah Ben Aissa, [&hellip;]<\/p>\n","protected":false},"author":1965,"featured_media":0,"comment_status":"closed","ping_status":"closed","sticky":false,"template":"","format":"standard","meta":{"fifu_image_url":"https:\/\/www.journalducameroun.com\/wp-content\/uploads\/2021\/09\/16308586825778.jpg","fifu_image_alt":"Une d\u00e9l\u00e9gation de la Ligue arabe va observer les \u00e9lections au Maroc","footnotes":""},"categories":[73,82],"tags":[],"class_list":["post-126166","post","type-post","status-publish","format-standard","hentry","category-actualite","category-cameroun"],"_links":{"self":[{"href":"https:\/\/linitiative.ca\/International\/wp-json\/wp\/v2\/posts\/126166","targetHints":{"allow":["GET"]}}],"collection":[{"href":"https:\/\/linitiative.ca\/International\/wp-json\/wp\/v2\/posts"}],"about":[{"href":"https:\/\/linitiative.ca\/International\/wp-json\/wp\/v2\/types\/post"}],"author":[{"embeddable":true,"href":"https:\/\/linitiative.ca\/International\/wp-json\/wp\/v2\/users\/1965"}],"replies":[{"embeddable":true,"href":"https:\/\/linitiative.ca\/International\/wp-json\/wp\/v2\/comments?post=126166"}],"version-history":[{"count":0,"href":"https:\/\/linitiative.ca\/International\/wp-json\/wp\/v2\/posts\/126166\/revisions"}],"wp:attachment":[{"href":"https:\/\/linitiative.ca\/International\/wp-json\/wp\/v2\/media?parent=126166"}],"wp:term":[{"taxonomy":"category","embeddable":true,"href":"https:\/\/linitiative.ca\/International\/wp-json\/wp\/v2\/categories?post=126166"},{"taxonomy":"post_tag","embeddable":true,"href":"https:\/\/linitiative.ca\/International\/wp-json\/wp\/v2\/tags?post=126166"}],"curies":[{"name":"wp","href":"https:\/\/api.w.org\/{rel}","templated":true}]}}