{"id":126168,"date":"2021-09-05T13:18:02","date_gmt":"2021-09-05T17:18:02","guid":{"rendered":"https:\/\/linitiative.ca\/International\/guinee-un-avion-attend-lequipe-marocaine-de-football-a-laeroport-de-conakry\/"},"modified":"2021-09-05T13:18:02","modified_gmt":"2021-09-05T17:18:02","slug":"guinee-un-avion-attend-lequipe-marocaine-de-football-a-laeroport-de-conakry","status":"publish","type":"post","link":"https:\/\/linitiative.ca\/International\/guinee-un-avion-attend-lequipe-marocaine-de-football-a-laeroport-de-conakry\/","title":{"rendered":"Guin\u00e9e: un avion attend l\u2019\u00e9quipe marocaine de football \u00e0 l\u2019a\u00e9roport de Conakry"},"content":{"rendered":"<div>\n<p><img loading=\"lazy\" decoding=\"async\" width=\"738\" height=\"520\" src=\"https:\/\/linitiative.ca\/International\/wp-content\/uploads\/sites\/23\/2021\/09\/16308622822314.jpg\" class=\"attachment-post-thumbnail size-post-thumbnail wp-post-image\" alt=\"\" srcset=\"https:\/\/linitiative.ca\/International\/wp-content\/uploads\/sites\/23\/2021\/09\/16308622822314.jpg 738w, https:\/\/www.journalducameroun.com\/wp-content\/uploads\/2021\/09\/16308622822314-300x211.jpg 300w, https:\/\/www.journalducameroun.com\/wp-content\/uploads\/2021\/09\/16308622822314-624x440.jpg 624w, https:\/\/www.journalducameroun.com\/wp-content\/uploads\/2021\/09\/16308622822314-600x423.jpg 600w\" sizes=\"auto, (max-width: 738px) 100vw, 738px\"><\/p>\n<h5>L&rsquo;\u00e9quipe marocaine de football se trouve actuellement \u00e0 Conakry o\u00f9 il devrait disputer un match contre son homologue guin\u00e9enne, lundi 6 septembre pour le compte de la 2e journ\u00e9e du groupe I des qualifications africaines au Mondial Qatar-2022.<\/h5>\n<p>\u00a0<\/p>\n<p>\u00a0<\/p>\n<p>La situation actuellement en Guin\u00e9e, secou\u00e9e par un coup d&rsquo;Etat ce dimanche, poussera fort probablement la FIFA \u00e0 reporter la rencontre. Cependant, l&rsquo;ensemble des membres de la d\u00e9l\u00e9gation marocaine est toujours \u00e0 l&rsquo;h\u00f4tel de r\u00e9sidence, qui est relativement loin de la zone de tension, selon une source autoris\u00e9e.<\/p>\n<p>\u00ab <em>Les responsables marocains travaillent pour faire \u00e9vacuer l&rsquo;\u00e9quipe aujourd&rsquo;hui. Un avion est d\u00e9j\u00e0 \u00e0 l&rsquo;a\u00e9roport pour l&rsquo;op\u00e9ration<\/em> \u00bb, selon un responsable de la F\u00e9d\u00e9ration royale marocaine de football (FRMF).<\/p>\n<p>\u00ab <em>Une correspondance a \u00e9t\u00e9 \u00e9mise par la FRMF \u00e0 la FIFA s&rsquo;agissant de la situation actuelle en Guin\u00e9e et il est fort probable que la d\u00e9l\u00e9gation marocaine regagne le Royaume dans les prochaines heures, si les conditions logistiques et s\u00e9curitaires le permettent \u00bb<\/em>.<\/p>\n<p>Des tirs nourris d&rsquo;armes automatiques retentissaient dimanche matin dans le centre de Conakry, capitale de la Guin\u00e9e, et de nombreux soldats \u00e9taient visibles dans les rues.<\/p>\n<p>Dans une vid\u00e9o qui circule sur les r\u00e9seaux sociaux, quatre \u00e9l\u00e9ments lourdement arm\u00e9s du Groupement des Forces Sp\u00e9ciales (GFS) se tiennent devant Alpha Cond\u00e9 dans un salon du palais pr\u00e9sidentiel. Cette unit\u00e9 d&rsquo;\u00e9lite de l&rsquo;arm\u00e9e guin\u00e9enne est dirig\u00e9e par le colonel Mamady Doumbouya, un ancien l\u00e9gionnaire de l&rsquo;arm\u00e9e fran\u00e7aise.<\/p>\n<p>Le minist\u00e8re guin\u00e9en de la D\u00e9fense nationale a, dans un communiqu\u00e9, d\u00e9clar\u00e9 que \u00ab <em>la Garde pr\u00e9sidentielle, appuy\u00e9e par les forces de d\u00e9fense et de s\u00e9curit\u00e9, loyalistes et r\u00e9publicaines, ont contenu la menace et repouss\u00e9 le groupe d&rsquo;assaillants<\/em> \u00bb.<\/p>\n<p>Mais la r\u00e9alit\u00e9 semble tout autre. Un membre du GFS, dans une vid\u00e9o relay\u00e9e sur les r\u00e9seaux sociaux, s&rsquo;assoit sur un canap\u00e9 \u00e0 c\u00f4t\u00e9 d&rsquo;Alpha Cond\u00e9 (83 ans) pour lui demander s&rsquo;il a \u00e9t\u00e9 brutalis\u00e9 dans cette op\u00e9ration. Le pr\u00e9sident d\u00e9chu, qui porte un jeans et une chemise \u00e0 moiti\u00e9 d\u00e9boutonn\u00e9e, a l&rsquo;air perdu. Tout est all\u00e9 si vite qu&rsquo;il ne semble pas comprendre la situation. Alpha Cond\u00e9 se mure alors dans le silence.<\/p>\n<p>Dans une d\u00e9claration film\u00e9e, il a annonc\u00e9 la dissolution de la Constitution en vigueur, des institutions, du gouvernement et la fermeture des fronti\u00e8res terrestres et a\u00e9riennes.<\/p>\n<p>Le colonel <strong>Mamady Doumbouya<\/strong> a appel\u00e9 \u00ab <em>ses fr\u00e8res d&rsquo;arme \u00e0 l&rsquo;unit\u00e9 afin de r\u00e9pondre aux aspirations l\u00e9gitimes du peuple de Guin\u00e9e<\/em> \u00bb. \u00a0Le nouvel homme fort de Conakry a \u00e9galement invit\u00e9 les Forces de d\u00e9fense et de s\u00e9curit\u00e9 \u00e0 \u00ab <em>rester dans les casernes pour continuer leurs activit\u00e9s r\u00e9galiennes<\/em> \u00bb, non sans promettre de ne pas \u00ab <em>reprendre les erreurs du pass\u00e9 \u00bb.<\/em><\/p>\n<p>R\u00e9\u00e9lu en 2020 pour un troisi\u00e8me mandat, Alpha Cond\u00e9 est le pr\u00e9sident de la Guin\u00e9e depuis 2010. Une r\u00e9vision controvers\u00e9e de la Constitution lui a permis de se pr\u00e9senter et de gagner, avec 59,49 % des suffrages valablement exprim\u00e9s, l&rsquo;\u00e9lection du 18 octobre 2020 devant son rival Cellou Dalein Diallo.<\/p>\n<p>Cet article <a rel=\"nofollow\" href=\"https:\/\/www.journalducameroun.com\/guinee-un-avion-attend-lequipe-marocaine-de-football-a-laeroport-de-conakry\/\">Guin\u00e9e: un avion attend l\u2019\u00e9quipe marocaine de football \u00e0 l\u2019a\u00e9roport de Conakry<\/a> est apparu en premier sur <a rel=\"nofollow\" href=\"https:\/\/www.journalducameroun.com\/\">Journal du Cameroun<\/a>.<\/p>\n<\/div>\n<p>Auteur: APA News<br \/>\n<a href=\"https:\/\/www.journalducameroun.com\/guinee-un-avion-attend-lequipe-marocaine-de-football-a-laeroport-de-conakry\/\">Cliquez ici pour lire l&rsquo;article depuis sa source.<\/a><\/p>\n","protected":false},"excerpt":{"rendered":"<p>L&rsquo;\u00e9quipe marocaine de football se trouve actuellement \u00e0 Conakry o\u00f9 il devrait disputer un match contre son homologue guin\u00e9enne, lundi 6 septembre pour le compte de la 2e journ\u00e9e du groupe I des qualifications africaines au Mondial Qatar-2022. \u00a0 \u00a0 La situation actuellement en Guin\u00e9e, secou\u00e9e par un coup d&rsquo;Etat ce dimanche, poussera fort probablement [&hellip;]<\/p>\n","protected":false},"author":1965,"featured_media":0,"comment_status":"closed","ping_status":"closed","sticky":false,"template":"","format":"standard","meta":{"fifu_image_url":"https:\/\/www.journalducameroun.com\/wp-content\/uploads\/2021\/09\/16308622822314.jpg","fifu_image_alt":"Guin\u00e9e: un avion attend l\u2019\u00e9quipe marocaine de football \u00e0 l\u2019a\u00e9roport de Conakry","footnotes":""},"categories":[73,82],"tags":[],"class_list":["post-126168","post","type-post","status-publish","format-standard","hentry","category-actualite","category-cameroun"],"_links":{"self":[{"href":"https:\/\/linitiative.ca\/International\/wp-json\/wp\/v2\/posts\/126168","targetHints":{"allow":["GET"]}}],"collection":[{"href":"https:\/\/linitiative.ca\/International\/wp-json\/wp\/v2\/posts"}],"about":[{"href":"https:\/\/linitiative.ca\/International\/wp-json\/wp\/v2\/types\/post"}],"author":[{"embeddable":true,"href":"https:\/\/linitiative.ca\/International\/wp-json\/wp\/v2\/users\/1965"}],"replies":[{"embeddable":true,"href":"https:\/\/linitiative.ca\/International\/wp-json\/wp\/v2\/comments?post=126168"}],"version-history":[{"count":0,"href":"https:\/\/linitiative.ca\/International\/wp-json\/wp\/v2\/posts\/126168\/revisions"}],"wp:attachment":[{"href":"https:\/\/linitiative.ca\/International\/wp-json\/wp\/v2\/media?parent=126168"}],"wp:term":[{"taxonomy":"category","embeddable":true,"href":"https:\/\/linitiative.ca\/International\/wp-json\/wp\/v2\/categories?post=126168"},{"taxonomy":"post_tag","embeddable":true,"href":"https:\/\/linitiative.ca\/International\/wp-json\/wp\/v2\/tags?post=126168"}],"curies":[{"name":"wp","href":"https:\/\/api.w.org\/{rel}","templated":true}]}}