{"id":126170,"date":"2021-09-05T14:18:02","date_gmt":"2021-09-05T18:18:02","guid":{"rendered":"https:\/\/linitiative.ca\/International\/eliminatoires-mondial-qatar-2022-zone-afrique-le-match-guinee-maroc-reporte-fifa-caf\/"},"modified":"2021-09-05T14:18:02","modified_gmt":"2021-09-05T18:18:02","slug":"eliminatoires-mondial-qatar-2022-zone-afrique-le-match-guinee-maroc-reporte-fifa-caf","status":"publish","type":"post","link":"https:\/\/linitiative.ca\/International\/eliminatoires-mondial-qatar-2022-zone-afrique-le-match-guinee-maroc-reporte-fifa-caf\/","title":{"rendered":"Eliminatoires Mondial Qatar-2022\/zone Afrique : Le match Guin\u00e9e-Maroc report\u00e9 (FIFA\/CAF)"},"content":{"rendered":"<div>\n<p><img loading=\"lazy\" decoding=\"async\" width=\"2560\" height=\"1440\" src=\"https:\/\/linitiative.ca\/International\/wp-content\/uploads\/sites\/23\/2021\/09\/16308658829581.jpg\" class=\"attachment-post-thumbnail size-post-thumbnail wp-post-image\" alt=\"\" srcset=\"https:\/\/linitiative.ca\/International\/wp-content\/uploads\/sites\/23\/2021\/09\/16308658829581.jpg 2560w, https:\/\/www.journalducameroun.com\/wp-content\/uploads\/2021\/09\/16308658829581-300x169.jpg 300w, https:\/\/www.journalducameroun.com\/wp-content\/uploads\/2021\/09\/16308658829581-768x432.jpg 768w, https:\/\/www.journalducameroun.com\/wp-content\/uploads\/2021\/09\/16308658829581-1024x576.jpg 1024w, https:\/\/www.journalducameroun.com\/wp-content\/uploads\/2021\/09\/16308658829581-780x440.jpg 780w, https:\/\/www.journalducameroun.com\/wp-content\/uploads\/2021\/09\/16308658829581-380x215.jpg 380w, https:\/\/www.journalducameroun.com\/wp-content\/uploads\/2021\/09\/16308658829581-160x90.jpg 160w, https:\/\/www.journalducameroun.com\/wp-content\/uploads\/2021\/09\/16308658829581-240x135.jpg 240w, https:\/\/www.journalducameroun.com\/wp-content\/uploads\/2021\/09\/16308658829581-782x440.jpg 782w, https:\/\/www.journalducameroun.com\/wp-content\/uploads\/2021\/09\/16308658829581-600x338.jpg 600w\" sizes=\"auto, (max-width: 2560px) 100vw, 2560px\"><\/p>\n<p>La Conf\u00e9d\u00e9ration africaine de football (CAF) et la FIFA ont d\u00e9cid\u00e9, dimanche, de reporter la rencontre devant opposer, lundi, \u00e0 Conakry, la Guin\u00e9e au Maroc pour le compte de la 2e journ\u00e9e du groupe I des qualifications africaines au Mondial Qatar-2022, en raison de la situation politique et s\u00e9curitaire qui pr\u00e9vaut dans le pays, secou\u00e9 par un coup d&rsquo;Etat.\u00ab La situation politique et s\u00e9curitaire actuelle en Guin\u00e9e est tr\u00e8s volatile et est \u00e9troitement surveill\u00e9e par la FIFA et la CAF \u00bb, lit-on dans un communiqu\u00e9 publi\u00e9 sur le site officiel de la CAF.<\/p>\n<p>\u00ab Afin d&rsquo;assurer la s\u00e9curit\u00e9 et la s\u00fbret\u00e9 des joueurs et de prot\u00e9ger tous les officiels du match entre la Guin\u00e9e et le Maroc, pr\u00e9vu le lundi 6 septembre \u00e0 Conakry, la FIFA et la CAF ont d\u00e9cid\u00e9 de reporter ce match \u00bb, fait savoir la m\u00eame source.<\/p>\n<p>Les deux instances footballistiques pr\u00e9cisent que les informations concernant la reprogrammation seront communiqu\u00e9es ult\u00e9rieurement.<\/p>\n<p>Des tirs nourris d&rsquo;armes automatiques retentissaient dimanche matin dans le centre de Conakry, capitale de la Guin\u00e9e, et de nombreux soldats \u00e9taient visibles dans les rues.<\/p>\n<p>Dans une vid\u00e9o qui circule sur les r\u00e9seaux sociaux, quatre \u00e9l\u00e9ments lourdement arm\u00e9s du Groupement des Forces Sp\u00e9ciales (GFS) se tiennent devant le pr\u00e9sident guin\u00e9en, Alpha Cond\u00e9 dans un salon du palais pr\u00e9sidentiel. Cette unit\u00e9 d&rsquo;\u00e9lite de l&rsquo;arm\u00e9e guin\u00e9enne est dirig\u00e9e par le colonel Mamady Doumbouya, un ancien l\u00e9gionnaire de l&rsquo;arm\u00e9e fran\u00e7aise.<\/p>\n<p>Le minist\u00e8re guin\u00e9en de la D\u00e9fense nationale a, dans un communiqu\u00e9, d\u00e9clar\u00e9 que \u00ab la Garde pr\u00e9sidentielle, appuy\u00e9e par les forces de d\u00e9fense et de s\u00e9curit\u00e9, loyalistes et r\u00e9publicaines, ont contenu la menace et repouss\u00e9 le groupe d&rsquo;assaillants \u00bb.<\/p>\n<p>Mais, la r\u00e9alit\u00e9 semble tout autre. Un membre du GFS, dans une vid\u00e9o relay\u00e9e sur les r\u00e9seaux sociaux, s&rsquo;assoit sur un canap\u00e9 \u00e0 c\u00f4t\u00e9 d&rsquo;Alpha Cond\u00e9 (83 ans) pour lui demander s&rsquo;il a \u00e9t\u00e9 brutalis\u00e9 dans cette op\u00e9ration. Le pr\u00e9sident d\u00e9chu, qui porte un jeans et une chemise \u00e0 moiti\u00e9 d\u00e9boutonn\u00e9e, a l&rsquo;air perdu. Tout est all\u00e9 si vite qu&rsquo;il ne semble pas comprendre la situation. Alpha Cond\u00e9 se mure alors dans le silence.<\/p>\n<p>Dans une d\u00e9claration film\u00e9e, il a annonc\u00e9 la dissolution de la Constitution en vigueur, des institutions, du gouvernement et la fermeture des fronti\u00e8res terrestres et a\u00e9riennes.<\/p>\n<p>Le colonel Mamady Doumbouya a appel\u00e9 \u00ab ses fr\u00e8res d&rsquo;arme \u00e0 l&rsquo;unit\u00e9 afin de r\u00e9pondre aux aspirations l\u00e9gitimes du peuple de Guin\u00e9e \u00bb. \u00a0Le nouvel homme fort de Conakry a \u00e9galement invit\u00e9 les Forces de d\u00e9fense et de s\u00e9curit\u00e9 \u00e0 \u00ab rester dans les casernes pour continuer leurs activit\u00e9s r\u00e9galiennes \u00bb, non sans promettre de ne pas \u00ab reprendre les erreurs du pass\u00e9 \u00bb.<\/p>\n<p>Cet article <a rel=\"nofollow\" href=\"https:\/\/www.journalducameroun.com\/eliminatoires-mondial-qatar-2022-zone-afrique-le-match-guinee-maroc-reporte-fifa-caf\/\">Eliminatoires Mondial Qatar-2022\/zone Afrique : Le match Guin\u00e9e-Maroc report\u00e9 (FIFA\/CAF)<\/a> est apparu en premier sur <a rel=\"nofollow\" href=\"https:\/\/www.journalducameroun.com\/\">Journal du Cameroun<\/a>.<\/p>\n<\/div>\n<p>Auteur: APA News<br \/>\n<a href=\"https:\/\/www.journalducameroun.com\/eliminatoires-mondial-qatar-2022-zone-afrique-le-match-guinee-maroc-reporte-fifa-caf\/\">Cliquez ici pour lire l&rsquo;article depuis sa source.<\/a><\/p>\n","protected":false},"excerpt":{"rendered":"<p>La Conf\u00e9d\u00e9ration africaine de football (CAF) et la FIFA ont d\u00e9cid\u00e9, dimanche, de reporter la rencontre devant opposer, lundi, \u00e0 Conakry, la Guin\u00e9e au Maroc pour le compte de la 2e journ\u00e9e du groupe I des qualifications africaines au Mondial Qatar-2022, en raison de la situation politique et s\u00e9curitaire qui pr\u00e9vaut dans le pays, secou\u00e9 [&hellip;]<\/p>\n","protected":false},"author":1965,"featured_media":0,"comment_status":"closed","ping_status":"closed","sticky":false,"template":"","format":"standard","meta":{"fifu_image_url":"https:\/\/www.journalducameroun.com\/wp-content\/uploads\/2021\/09\/16308658829581.jpg","fifu_image_alt":"Eliminatoires Mondial Qatar-2022\/zone Afrique : Le match Guin\u00e9e-Maroc report\u00e9 (FIFA\/CAF)","footnotes":""},"categories":[73,82],"tags":[],"class_list":["post-126170","post","type-post","status-publish","format-standard","hentry","category-actualite","category-cameroun"],"_links":{"self":[{"href":"https:\/\/linitiative.ca\/International\/wp-json\/wp\/v2\/posts\/126170","targetHints":{"allow":["GET"]}}],"collection":[{"href":"https:\/\/linitiative.ca\/International\/wp-json\/wp\/v2\/posts"}],"about":[{"href":"https:\/\/linitiative.ca\/International\/wp-json\/wp\/v2\/types\/post"}],"author":[{"embeddable":true,"href":"https:\/\/linitiative.ca\/International\/wp-json\/wp\/v2\/users\/1965"}],"replies":[{"embeddable":true,"href":"https:\/\/linitiative.ca\/International\/wp-json\/wp\/v2\/comments?post=126170"}],"version-history":[{"count":0,"href":"https:\/\/linitiative.ca\/International\/wp-json\/wp\/v2\/posts\/126170\/revisions"}],"wp:attachment":[{"href":"https:\/\/linitiative.ca\/International\/wp-json\/wp\/v2\/media?parent=126170"}],"wp:term":[{"taxonomy":"category","embeddable":true,"href":"https:\/\/linitiative.ca\/International\/wp-json\/wp\/v2\/categories?post=126170"},{"taxonomy":"post_tag","embeddable":true,"href":"https:\/\/linitiative.ca\/International\/wp-json\/wp\/v2\/tags?post=126170"}],"curies":[{"name":"wp","href":"https:\/\/api.w.org\/{rel}","templated":true}]}}