{"id":126172,"date":"2021-09-05T17:18:02","date_gmt":"2021-09-05T21:18:02","guid":{"rendered":"https:\/\/linitiative.ca\/International\/putsch-en-guinee-le-calme-regne-a-conakry-citoyens\/"},"modified":"2021-09-05T17:18:02","modified_gmt":"2021-09-05T21:18:02","slug":"putsch-en-guinee-le-calme-regne-a-conakry-citoyens","status":"publish","type":"post","link":"https:\/\/linitiative.ca\/International\/putsch-en-guinee-le-calme-regne-a-conakry-citoyens\/","title":{"rendered":"Putsch en Guin\u00e9e\u00a0: le calme r\u00e8gne \u00e0 Conakry (citoyens)"},"content":{"rendered":"<div>\n<p><img loading=\"lazy\" decoding=\"async\" width=\"720\" height=\"480\" src=\"https:\/\/linitiative.ca\/International\/wp-content\/uploads\/sites\/23\/2021\/09\/16308766821142.jpg\" class=\"attachment-post-thumbnail size-post-thumbnail wp-post-image\" alt=\"\" srcset=\"https:\/\/linitiative.ca\/International\/wp-content\/uploads\/sites\/23\/2021\/09\/16308766821142.jpg 720w, https:\/\/www.journalducameroun.com\/wp-content\/uploads\/2021\/09\/16308766821142-300x200.jpg 300w, https:\/\/www.journalducameroun.com\/wp-content\/uploads\/2021\/09\/16308766821142-660x440.jpg 660w, https:\/\/www.journalducameroun.com\/wp-content\/uploads\/2021\/09\/16308766821142-600x400.jpg 600w\" sizes=\"auto, (max-width: 720px) 100vw, 720px\"><\/p>\n<p>Plusieurs habitants de la capitale ont confi\u00e9 \u00e0 APA que la situation est toujours calme \u00e0 Conakry.Pas de pillage. Pas de morts civils. Et des populations en communion avec les \u00e9l\u00e9ments des forces de d\u00e9fense et de s\u00e9curit\u00e9. \u00ab\u00a0Les putschistes cherchent d&rsquo;abord \u00e0 consolider leur pouvoir\u00a0\u00bb, \u00e0 ironis\u00e9 un habitant de Cosa dans la Haute banlieue de Conakry. A l&rsquo;en croire, tout se passe normalement dans la capitale.<\/p>\n<p>M\u00eame son de cloche du c\u00f4t\u00e9 de cette journaliste qui affirme que la situation est plut\u00f4t calme en haute banlieue. \u00ab\u00a0Mais certaines informations font \u00e9tat de check-points au niveau des grandes art\u00e8res\u00a0\u00bb.<\/p>\n<p>A Kankan, fief du pr\u00e9sident d\u00e9chu, \u00ab les gens sont chez eux. Chacun y va de son commentaire. Les boutiques et magasins sont ferm\u00e9s \u00bb, a indiqu\u00e9 cet autre habitant.<\/p>\n<p>\u00ab D\u00e8s midi, quand les choses ont commenc\u00e9 \u00e0 se confirmer, chacun s&rsquo;est empress\u00e9 de baisser les rideaux des magasins et rentrer chez soi\u00a0\u00bb, poursuit-il.<\/p>\n<p>T\u00f4t dans la matin\u00e9e, ce dimanche 5\u00a0septembre 2021, des tirs nourris ont retenti dans la presqu&rsquo;\u00eele de Kaloum, aux abords du palais pr\u00e9sidentiel. La situation reste confuse. Les forces sp\u00e9ciales affirment tenir la capitale, Conakry. Elles revendiquent l&rsquo;arrestation du pr\u00e9sident Alpha Cond\u00e9.<\/p>\n<p>Cet article <a rel=\"nofollow\" href=\"https:\/\/www.journalducameroun.com\/putsch-en-guinee-le-calme-regne-a-conakry-citoyens\/\">Putsch en Guin\u00e9e\u00a0: le calme r\u00e8gne \u00e0 Conakry (citoyens)<\/a> est apparu en premier sur <a rel=\"nofollow\" href=\"https:\/\/www.journalducameroun.com\/\">Journal du Cameroun<\/a>.<\/p>\n<\/div>\n<p>Auteur: APA News<br \/>\n<a href=\"https:\/\/www.journalducameroun.com\/putsch-en-guinee-le-calme-regne-a-conakry-citoyens\/\">Cliquez ici pour lire l&rsquo;article depuis sa source.<\/a><\/p>\n","protected":false},"excerpt":{"rendered":"<p>Plusieurs habitants de la capitale ont confi\u00e9 \u00e0 APA que la situation est toujours calme \u00e0 Conakry.Pas de pillage. Pas de morts civils. Et des populations en communion avec les \u00e9l\u00e9ments des forces de d\u00e9fense et de s\u00e9curit\u00e9. \u00ab\u00a0Les putschistes cherchent d&rsquo;abord \u00e0 consolider leur pouvoir\u00a0\u00bb, \u00e0 ironis\u00e9 un habitant de Cosa dans la Haute [&hellip;]<\/p>\n","protected":false},"author":1965,"featured_media":0,"comment_status":"closed","ping_status":"closed","sticky":false,"template":"","format":"standard","meta":{"fifu_image_url":"https:\/\/www.journalducameroun.com\/wp-content\/uploads\/2021\/09\/16308766821142.jpg","fifu_image_alt":"Putsch en Guin\u00e9e\u00a0: le calme r\u00e8gne \u00e0 Conakry (citoyens)","footnotes":""},"categories":[73,82],"tags":[],"class_list":["post-126172","post","type-post","status-publish","format-standard","hentry","category-actualite","category-cameroun"],"_links":{"self":[{"href":"https:\/\/linitiative.ca\/International\/wp-json\/wp\/v2\/posts\/126172","targetHints":{"allow":["GET"]}}],"collection":[{"href":"https:\/\/linitiative.ca\/International\/wp-json\/wp\/v2\/posts"}],"about":[{"href":"https:\/\/linitiative.ca\/International\/wp-json\/wp\/v2\/types\/post"}],"author":[{"embeddable":true,"href":"https:\/\/linitiative.ca\/International\/wp-json\/wp\/v2\/users\/1965"}],"replies":[{"embeddable":true,"href":"https:\/\/linitiative.ca\/International\/wp-json\/wp\/v2\/comments?post=126172"}],"version-history":[{"count":0,"href":"https:\/\/linitiative.ca\/International\/wp-json\/wp\/v2\/posts\/126172\/revisions"}],"wp:attachment":[{"href":"https:\/\/linitiative.ca\/International\/wp-json\/wp\/v2\/media?parent=126172"}],"wp:term":[{"taxonomy":"category","embeddable":true,"href":"https:\/\/linitiative.ca\/International\/wp-json\/wp\/v2\/categories?post=126172"},{"taxonomy":"post_tag","embeddable":true,"href":"https:\/\/linitiative.ca\/International\/wp-json\/wp\/v2\/tags?post=126172"}],"curies":[{"name":"wp","href":"https:\/\/api.w.org\/{rel}","templated":true}]}}