{"id":126176,"date":"2021-09-05T10:01:08","date_gmt":"2021-09-05T14:01:08","guid":{"rendered":"https:\/\/linitiative.ca\/International\/genie-electrique-le-francais-siemens-s-a-s-ferme-sa-succursale-au-cameroun\/"},"modified":"2021-09-05T10:01:08","modified_gmt":"2021-09-05T14:01:08","slug":"genie-electrique-le-francais-siemens-s-a-s-ferme-sa-succursale-au-cameroun","status":"publish","type":"post","link":"https:\/\/linitiative.ca\/International\/genie-electrique-le-francais-siemens-s-a-s-ferme-sa-succursale-au-cameroun\/","title":{"rendered":"G\u00e9nie \u00e9lectrique : le fran\u00e7ais Siemens S.A.S ferme sa succursale au Cameroun"},"content":{"rendered":"<div>\n<p>Le groupe fran\u00e7ais Siemens S.A.S, soci\u00e9t\u00e9 par actions simplifi\u00e9e unipersonnelle de droit fran\u00e7ais a d\u00e9cid\u00e9 de la fermeture de sa succursale au Cameroun le 19 mai 2021, renseigne une annonce l\u00e9gale publi\u00e9e dans le quotidien Cameroon Tribune du 24 ao\u00fbt 2021, par l\u2019Etude de Me Gis\u00e8le Enguele Dipanda, notaire \u00e0 la 2<sup>\u00e8me<\/sup>\u00a0charge du Tribunal de Premi\u00e8re instance de Douala-Ndokoti. Cette d\u00e9cision est prise en \u00ab\u00a0raison de la finalisation des march\u00e9s pour lesquels elle avait \u00e9t\u00e9 ouverte, et en vertu de l\u2019article 120 alin\u00e9a 2 de l\u2019Acte uniforme sur les soci\u00e9t\u00e9s commerciales\u00a0\u00a0du Trait\u00e9 OHADA\u00a0\u00bb, renseigne le contenu de cette annonce. Par ailleurs, le nomm\u00e9 Julien Paimboeuf, de nationalit\u00e9 fran\u00e7aise, a \u00e9t\u00e9 d\u00e9sign\u00e9 mandataire Ad hoc en charge des op\u00e9rations li\u00e9es \u00e0 la fermeture de la succursale camerounaise de Siemens S.A.S. En effet, Siemens SAS a ouvert sa succursale au Cameroun le 18 mai 2005 et y a men\u00e9 ses activit\u00e9s pendant 16 ans avant de d\u00e9cider de mettre la cl\u00e9 sous le paillasson. Il importe de pr\u00e9ciser que Siemens S.A.S (Siemens France) est une des multiples filiales du conglom\u00e9rat allemand Siemens.<\/p>\n<p><strong>Lire aussi :<\/strong> <strong><a href=\"https:\/\/ecomatin.net\/le-groupe-siemens-ferme-sa-succursale-au-cameroun\/\">Le groupe Siemens ferme sa succursale au Cameroun<\/a><\/strong><\/p>\n<p>Au Cameroun, la filiale belge, Siemens S.A,\u00a0\u00a0y comptait \u00e9galement une succursale, qui a ferm\u00e9 ses portes \u00e0 Douala depuis le 17 juillet 2019, alors qu\u2019elle y op\u00e9rait depuis le 1<sup>er<\/sup>\u00a0juillet 2009. \u00ab\u2009A la suite d\u2019un changement de configuration juridique de l\u2019entreprise, la gestion des activit\u00e9s au Cameroun est pass\u00e9e de la Belgique \u00e0 une nouvelle entit\u00e9 juridique en C\u00f4te d\u2019Ivoire, Siemens Energy Sarl\u2009\u00bb, annon\u00e7ait la multinationale en janvier 2020. Et de rench\u00e9rir : \u00ab\u2009Siemens en C\u00f4te d\u2019Ivoire a repris une nouvelle succursale locale [qui] a \u00e9t\u00e9 ouverte \u00e0 Douala par Siemens Energy Sarl le 1er f\u00e9vrier 2018 pour assurer la continuit\u00e9 de notre pr\u00e9sence et de nos activit\u00e9s au Cameroun. Cette branche est toujours active et pilote nos projets en cours dans le pays\u2009\u00bb.<\/p>\n<p><strong>Lire aussi :<\/strong> <strong><a href=\"https:\/\/ecomatin.net\/projet-tramway-a-douala-les-travaux-seront-lances-des-ce-premier-semestre-2019\/\">Projet Tramway \u00e0 Douala: les travaux seront lanc\u00e9s d\u00e8s ce premier semestre 2019<\/a><\/strong><\/p>\n<p>L\u2019entreprise \u00e9tait impliqu\u00e9e, entre autres, dans le projet de construction d\u2019un tramway (18 km) \u00e0 Douala, et devait \u00e9galement apporter son expertise en mati\u00e8re d\u2019\u00e9lectricit\u00e9 et de la signalisation dudit tramway, en collaboration avec l\u2019entreprise canadienne Bombardier. Ledit projet aurait d\u00fb d\u00e9marrer depuis 2019. Mais jusqu\u2019\u00e0 ce deuxi\u00e8me semestre de l\u2019ann\u00e9e 2021, le tramway camerounais se fait toujours d\u00e9sirer. Siemens est un groupe international d\u2019origine allemande sp\u00e9cialis\u00e9 dans les secteurs de l\u2019\u00e9nergie, de la sant\u00e9, de l\u2019industrie et du b\u00e2timent. Il a \u00e9t\u00e9 fond\u00e9 en 1847 par Werner von Siemens. Le groupe, dont le si\u00e8ge est bas\u00e9 \u00e0 Munich, est le premier employeur priv\u00e9 d\u2019Allemagne, et la plus grande soci\u00e9t\u00e9 d\u2019ing\u00e9nierie (en termes d\u2019effectifs) en Europe.<\/p>\n<p><strong>Lire aussi :<\/strong> <strong><a href=\"https:\/\/ecomatin.net\/projet-tramway-douala-les-travaux-lances-des-ce-premier-semestre-2019\/\">Projet Tramway Douala : les travaux lanc\u00e9s d\u00e8s ce premier semestre 2019<\/a><\/strong><\/p>\n<p>L\u2019article <a rel=\"nofollow\" href=\"https:\/\/ecomatin.net\/genie-electrique-le-francais-siemens-s-a-s-ferme-sa-succursale-au-cameroun\/\">G\u00e9nie \u00e9lectrique : le fran\u00e7ais Siemens S.A.S ferme sa succursale au Cameroun<\/a> est apparu en premier sur <a rel=\"nofollow\" href=\"https:\/\/ecomatin.net\/\">EcoMatin<\/a>.<\/p>\n<\/div>\n<p>Auteur: Yannick KENNE<br \/>\n<a href=\"https:\/\/ecomatin.net\/genie-electrique-le-francais-siemens-s-a-s-ferme-sa-succursale-au-cameroun\/\">Cliquez ici pour lire l&rsquo;article depuis sa source.<\/a><\/p>\n","protected":false},"excerpt":{"rendered":"<p>Le groupe fran\u00e7ais Siemens S.A.S, soci\u00e9t\u00e9 par actions simplifi\u00e9e unipersonnelle de droit fran\u00e7ais a d\u00e9cid\u00e9 de la fermeture de sa succursale au Cameroun le 19 mai 2021, renseigne une annonce l\u00e9gale publi\u00e9e dans le quotidien Cameroon Tribune du 24 ao\u00fbt 2021, par l\u2019Etude de Me Gis\u00e8le Enguele Dipanda, notaire \u00e0 la 2\u00e8me\u00a0charge du Tribunal de [&hellip;]<\/p>\n","protected":false},"author":1969,"featured_media":0,"comment_status":"closed","ping_status":"closed","sticky":false,"template":"","format":"standard","meta":{"fifu_image_url":"","fifu_image_alt":"","footnotes":""},"categories":[82,78],"tags":[],"class_list":["post-126176","post","type-post","status-publish","format-standard","hentry","category-cameroun","category-economie"],"_links":{"self":[{"href":"https:\/\/linitiative.ca\/International\/wp-json\/wp\/v2\/posts\/126176","targetHints":{"allow":["GET"]}}],"collection":[{"href":"https:\/\/linitiative.ca\/International\/wp-json\/wp\/v2\/posts"}],"about":[{"href":"https:\/\/linitiative.ca\/International\/wp-json\/wp\/v2\/types\/post"}],"author":[{"embeddable":true,"href":"https:\/\/linitiative.ca\/International\/wp-json\/wp\/v2\/users\/1969"}],"replies":[{"embeddable":true,"href":"https:\/\/linitiative.ca\/International\/wp-json\/wp\/v2\/comments?post=126176"}],"version-history":[{"count":0,"href":"https:\/\/linitiative.ca\/International\/wp-json\/wp\/v2\/posts\/126176\/revisions"}],"wp:attachment":[{"href":"https:\/\/linitiative.ca\/International\/wp-json\/wp\/v2\/media?parent=126176"}],"wp:term":[{"taxonomy":"category","embeddable":true,"href":"https:\/\/linitiative.ca\/International\/wp-json\/wp\/v2\/categories?post=126176"},{"taxonomy":"post_tag","embeddable":true,"href":"https:\/\/linitiative.ca\/International\/wp-json\/wp\/v2\/tags?post=126176"}],"curies":[{"name":"wp","href":"https:\/\/api.w.org\/{rel}","templated":true}]}}