{"id":126182,"date":"2021-09-06T08:41:43","date_gmt":"2021-09-06T12:41:43","guid":{"rendered":"https:\/\/linitiative.ca\/International\/jack-lang-et-mehdi-qotbi-multiplient-les-projets-communs-pour-2022\/"},"modified":"2021-09-06T08:41:43","modified_gmt":"2021-09-06T12:41:43","slug":"jack-lang-et-mehdi-qotbi-multiplient-les-projets-communs-pour-2022","status":"publish","type":"post","link":"https:\/\/linitiative.ca\/International\/jack-lang-et-mehdi-qotbi-multiplient-les-projets-communs-pour-2022\/","title":{"rendered":"Jack Lang et Mehdi Qotbi multiplient les projets communs pour 2022"},"content":{"rendered":"<div>\n<p><img decoding=\"async\" width=\"300\" height=\"153\" src=\"https:\/\/linitiative.ca\/International\/wp-content\/uploads\/sites\/23\/2021\/09\/Mehdi-Qotbi-300x153-1.jpg\" class=\"attachment-medium size-medium wp-post-image\" alt=\"\" loading=\"lazy\" srcset=\"\/\/aujourdhui.ma\/wp-content\/uploads\/2019\/05\/Mehdi-Qotbi-300x153.jpg 300w, \/\/aujourdhui.ma\/wp-content\/uploads\/2019\/05\/Mehdi-Qotbi.jpg 746w\" sizes=\"auto, (max-width: 300px) 100vw, 300px\"><\/p>\n<p><strong>\u00abLe Maroc accorde \u00e0 l\u2019art contemporain une place comme aucun autre pays\u00bb. C\u2019est pour cela que l\u2019IMA a voulu que \u00abla prochaine biennale de la photo arabe se tienne avec un focus sur le Maroc\u00bb.<\/strong><span id=\"more-385861\"><\/span><\/p>\n<p>L\u2019Institut du monde arabe (L\u2019IMA) et la Fondation nationale des mus\u00e9es du Maroc (FNMM) continuent de renforcer leur partenariat pour la promotion de la culture et des arts. En effet, ces deux institutions chapeaut\u00e9es respectivement par Jack Lang et Mehdi Qotbi ont tenu r\u00e9cemment une r\u00e9union pour examiner les projets identifi\u00e9s par les deux institutions et qui vont \u00eatre initi\u00e9s l\u2019ann\u00e9e prochaine. Ainsi parmi ces projets figurent, selon les deux institutions, la cr\u00e9ation, avec le soutien total de l\u2019IMA, d\u2019une biblioth\u00e8que d\u2019art au Mus\u00e9e Mohammed VI d\u2019art moderne et contemporain de Rabat, le pr\u00eat par l\u2019IMA de la collection des artistes majeurs du monde arabe pour une exposition itin\u00e9rante \u00e0 Tanger, o\u00f9 sera ouvert prochainement un mus\u00e9e d\u2019art moderne et contemporain, mais aussi \u00e0 Rabat et Marrakech, et enfin, une biennale de la photo arabe avec un focus sur le Maroc, qui se tiendra simultan\u00e9ment \u00e0 l\u2019IMA et au Mus\u00e9e national de la photographie du Maroc.<\/p>\n<p>A propos de ce dernier projet, M. Lang a d\u00e9clar\u00e9 que \u00able Maroc accorde \u00e0 l\u2019art contemporain une place comme aucun autre pays\u00bb. C\u2019est pour cela que l\u2019IMA a voulu que \u00abla prochaine biennale de la photo arabe se tienne avec un focus sur le Maroc\u00bb. Selon lui, \u00abparmi les \u0153uvres qui seront propos\u00e9es lors de cette biennale, il y aura celles d\u2019artistes marocains\u00bb. Il faut noter que le Maroc est toujours tr\u00e8s pr\u00e9sent \u00e0 l\u2019Institut du monde arabe, comme en t\u00e9moigne l\u2019exposition-\u00e9v\u00e8nement \u00abLe Maroc contemporain\u00bb, organis\u00e9e du 15 octobre 2014 au 1er mars 2015 et qui a rencontr\u00e9 un succ\u00e8s in\u00e9dit pour une manifestation d\u00e9di\u00e9e \u00e0 l\u2019art contemporain \u00e0 l\u2019IMA. De m\u00eame qu\u2019il y a eu toute une s\u00e9rie d\u2019\u00e9v\u00e8nements sur le Maroc, notamment l\u2019exposition in\u00e9dite sur les tr\u00e9sors de l\u2019Islam en Afrique subsaharienne en partenariat avec l\u2019Acad\u00e9mie du Royaume. Rappelons \u00e9galement que les deux institutions ont renforc\u00e9 leur coop\u00e9ration en mati\u00e8re de formation des comp\u00e9tences marocaines en mus\u00e9ologie, \u00e0 travers la formation \u00e0 l\u2019IMA de stagiaires et l\u2019appui au projet de master en mus\u00e9ologie, lanc\u00e9 \u00e0 l\u2019initiative de la FNM et en collaboration avec l\u2019Universit\u00e9 Mohammed V de Rabat.<\/p>\n<\/div>\n<p>Auteur: ALM<br \/>\n<a href=\"https:\/\/aujourdhui.ma\/culture\/jack-lang-et-mehdi-qotbi-multiplient-les-projets-communs-pour-2022\">Cliquez ici pour lire l&rsquo;article depuis sa source.<\/a><\/p>\n","protected":false},"excerpt":{"rendered":"<p>\u00abLe Maroc accorde \u00e0 l\u2019art contemporain une place comme aucun autre pays\u00bb. C\u2019est pour cela que l\u2019IMA a voulu que \u00abla prochaine biennale de la photo arabe se tienne avec un focus sur le Maroc\u00bb. L\u2019Institut du monde arabe (L\u2019IMA) et la Fondation nationale des mus\u00e9es du Maroc (FNMM) continuent de renforcer leur partenariat pour [&hellip;]<\/p>\n","protected":false},"author":1759,"featured_media":0,"comment_status":"closed","ping_status":"closed","sticky":false,"template":"","format":"standard","meta":{"fifu_image_url":"https:\/\/aujourdhui.ma\/wp-content\/uploads\/2019\/05\/Mehdi-Qotbi-300x153.jpg","fifu_image_alt":"Jack Lang et Mehdi Qotbi multiplient les projets communs pour 2022","footnotes":""},"categories":[73,54],"tags":[],"class_list":["post-126182","post","type-post","status-publish","format-standard","hentry","category-actualite","category-maroc"],"_links":{"self":[{"href":"https:\/\/linitiative.ca\/International\/wp-json\/wp\/v2\/posts\/126182","targetHints":{"allow":["GET"]}}],"collection":[{"href":"https:\/\/linitiative.ca\/International\/wp-json\/wp\/v2\/posts"}],"about":[{"href":"https:\/\/linitiative.ca\/International\/wp-json\/wp\/v2\/types\/post"}],"author":[{"embeddable":true,"href":"https:\/\/linitiative.ca\/International\/wp-json\/wp\/v2\/users\/1759"}],"replies":[{"embeddable":true,"href":"https:\/\/linitiative.ca\/International\/wp-json\/wp\/v2\/comments?post=126182"}],"version-history":[{"count":0,"href":"https:\/\/linitiative.ca\/International\/wp-json\/wp\/v2\/posts\/126182\/revisions"}],"wp:attachment":[{"href":"https:\/\/linitiative.ca\/International\/wp-json\/wp\/v2\/media?parent=126182"}],"wp:term":[{"taxonomy":"category","embeddable":true,"href":"https:\/\/linitiative.ca\/International\/wp-json\/wp\/v2\/categories?post=126182"},{"taxonomy":"post_tag","embeddable":true,"href":"https:\/\/linitiative.ca\/International\/wp-json\/wp\/v2\/tags?post=126182"}],"curies":[{"name":"wp","href":"https:\/\/api.w.org\/{rel}","templated":true}]}}