{"id":126184,"date":"2021-09-06T11:03:41","date_gmt":"2021-09-06T15:03:41","guid":{"rendered":"https:\/\/linitiative.ca\/International\/autorisations-de-tournage-des-oeuvres-cinematographiques-et-audiovisuelles-un-projet-de-decret-adopte-en-conseil-de-gouvernement\/"},"modified":"2021-09-06T11:03:41","modified_gmt":"2021-09-06T15:03:41","slug":"autorisations-de-tournage-des-oeuvres-cinematographiques-et-audiovisuelles-un-projet-de-decret-adopte-en-conseil-de-gouvernement","status":"publish","type":"post","link":"https:\/\/linitiative.ca\/International\/autorisations-de-tournage-des-oeuvres-cinematographiques-et-audiovisuelles-un-projet-de-decret-adopte-en-conseil-de-gouvernement\/","title":{"rendered":"Autorisations de tournage des \u0153uvres cin\u00e9matographiques et audiovisuelles : Un projet de d\u00e9cret adopt\u00e9 en Conseil de gouvernement"},"content":{"rendered":"<div>\n<p><img decoding=\"async\" width=\"300\" height=\"153\" src=\"https:\/\/linitiative.ca\/International\/wp-content\/uploads\/sites\/23\/2021\/09\/tournage-Cinema-Film-300x153-1.jpg\" class=\"attachment-medium size-medium wp-post-image\" alt=\"\" loading=\"lazy\" srcset=\"\/\/aujourdhui.ma\/wp-content\/uploads\/2020\/03\/tournage-Cinema-Film-300x153.jpg 300w, \/\/aujourdhui.ma\/wp-content\/uploads\/2020\/03\/tournage-Cinema-Film.jpg 746w\" sizes=\"auto, (max-width: 300px) 100vw, 300px\"><\/p>\n<p>Le Conseil de gouvernement, r\u00e9uni lundi \u00e0 Rabat par visioconf\u00e9rence, sous la pr\u00e9sidence du Chef du gouvernement Sa\u00e2d Dine El Otmani a adopt\u00e9 le projet de d\u00e9cret n\u00b02.21.477 relatif aux autorisations de tournage des \u0153uvres cin\u00e9matographiques et audiovisuelles.<span id=\"more-385879\"><\/span><\/p>\n<p>Ce projet de d\u00e9cret vise \u00e0 d\u00e9finir les cat\u00e9gories d\u2019\u0153uvres cin\u00e9matographiques et audiovisuelles, nationales et \u00e9trang\u00e8res, concern\u00e9es par les autorisations de tournage accord\u00e9es par le Centre cin\u00e9matographique marocain (CCM) au profit des soci\u00e9t\u00e9s de production, indique un communiqu\u00e9 publi\u00e9 \u00e0 l\u2019issue du Conseil.<\/p>\n<p>Le projet de d\u00e9cret adopt\u00e9 d\u00e9finit \u00e9galement les obligations du producteur qui demande une autorisation de tournage aupr\u00e8s du CCM ainsi que les documents n\u00e9cessaires \u00e0 l\u2019obtention d\u2019une autorisation de tournage, ajoute le communiqu\u00e9.<\/p>\n<\/div>\n<p>Auteur: ALM<br \/>\n<a href=\"https:\/\/aujourdhui.ma\/actualite\/autorisations-de-tournage-des-oeuvres-cinematographiques-et-audiovisuelles-un-projet-de-decret-adopte-en-conseil-de-gouvernement\">Cliquez ici pour lire l&rsquo;article depuis sa source.<\/a><\/p>\n","protected":false},"excerpt":{"rendered":"<p>Le Conseil de gouvernement, r\u00e9uni lundi \u00e0 Rabat par visioconf\u00e9rence, sous la pr\u00e9sidence du Chef du gouvernement Sa\u00e2d Dine El Otmani a adopt\u00e9 le projet de d\u00e9cret n\u00b02.21.477 relatif aux autorisations de tournage des \u0153uvres cin\u00e9matographiques et audiovisuelles. Ce projet de d\u00e9cret vise \u00e0 d\u00e9finir les cat\u00e9gories d\u2019\u0153uvres cin\u00e9matographiques et audiovisuelles, nationales et \u00e9trang\u00e8res, concern\u00e9es [&hellip;]<\/p>\n","protected":false},"author":1759,"featured_media":0,"comment_status":"closed","ping_status":"closed","sticky":false,"template":"","format":"standard","meta":{"fifu_image_url":"https:\/\/aujourdhui.ma\/wp-content\/uploads\/2020\/03\/tournage-Cinema-Film-300x153.jpg","fifu_image_alt":"Autorisations de tournage des \u0153uvres cin\u00e9matographiques et audiovisuelles : Un projet de d\u00e9cret adopt\u00e9 en Conseil de gouvernement","footnotes":""},"categories":[73,54],"tags":[],"class_list":["post-126184","post","type-post","status-publish","format-standard","hentry","category-actualite","category-maroc"],"_links":{"self":[{"href":"https:\/\/linitiative.ca\/International\/wp-json\/wp\/v2\/posts\/126184","targetHints":{"allow":["GET"]}}],"collection":[{"href":"https:\/\/linitiative.ca\/International\/wp-json\/wp\/v2\/posts"}],"about":[{"href":"https:\/\/linitiative.ca\/International\/wp-json\/wp\/v2\/types\/post"}],"author":[{"embeddable":true,"href":"https:\/\/linitiative.ca\/International\/wp-json\/wp\/v2\/users\/1759"}],"replies":[{"embeddable":true,"href":"https:\/\/linitiative.ca\/International\/wp-json\/wp\/v2\/comments?post=126184"}],"version-history":[{"count":0,"href":"https:\/\/linitiative.ca\/International\/wp-json\/wp\/v2\/posts\/126184\/revisions"}],"wp:attachment":[{"href":"https:\/\/linitiative.ca\/International\/wp-json\/wp\/v2\/media?parent=126184"}],"wp:term":[{"taxonomy":"category","embeddable":true,"href":"https:\/\/linitiative.ca\/International\/wp-json\/wp\/v2\/categories?post=126184"},{"taxonomy":"post_tag","embeddable":true,"href":"https:\/\/linitiative.ca\/International\/wp-json\/wp\/v2\/tags?post=126184"}],"curies":[{"name":"wp","href":"https:\/\/api.w.org\/{rel}","templated":true}]}}