{"id":126192,"date":"2021-09-06T11:17:54","date_gmt":"2021-09-06T15:17:54","guid":{"rendered":"https:\/\/linitiative.ca\/International\/les-besoins-du-tresor-en-hausse-pour-septembre\/"},"modified":"2021-09-06T11:17:54","modified_gmt":"2021-09-06T15:17:54","slug":"les-besoins-du-tresor-en-hausse-pour-septembre","status":"publish","type":"post","link":"https:\/\/linitiative.ca\/International\/les-besoins-du-tresor-en-hausse-pour-septembre\/","title":{"rendered":"Les besoins du Tr\u00e9sor en hausse pour septembre"},"content":{"rendered":"<div>\n<div class=\"field field-name-body field-type-text-with-summary field-label-hidden\">\n<div class=\"field-items\">\n<div class=\"field-item even\" property=\"content:encoded\">\n<p class=\"rtejustify\">Les besoins du Tr\u00e9sor seront en hausse pour le mois de septembre. a Direction du Tr\u00e9sor et des Finances Ext\u00e9rieures porte \u00e0 la connaissance des investisseurs que le recours au march\u00e9 des adjudications des valeurs du Tr\u00e9sor au titre du mois de ce mois portera sur un montant se situant entre 10 et 10,5 milliards de DH. En ao\u00fbt dernier, ces besoins oscillaient entre 5,5 et 6 milliards de DH.<\/p>\n<\/div>\n<\/div>\n<\/div>\n<\/div>\n<p>Auteur: hgueye<br \/>\n<a href=\"https:\/\/www.leconomiste.com\/flash-infos\/les-besoins-du-tresor-en-hausse-pour-septembre\">Cliquez ici pour lire l&rsquo;article depuis sa source.<\/a><\/p>\n","protected":false},"excerpt":{"rendered":"<p>Les besoins du Tr\u00e9sor seront en hausse pour le mois de septembre. a Direction du Tr\u00e9sor et des Finances Ext\u00e9rieures porte \u00e0 la connaissance des investisseurs que le recours au march\u00e9 des adjudications des valeurs du Tr\u00e9sor au titre du mois de ce mois portera sur un montant se situant entre 10 et 10,5 milliards [&hellip;]<\/p>\n","protected":false},"author":1763,"featured_media":0,"comment_status":"closed","ping_status":"closed","sticky":false,"template":"","format":"standard","meta":{"fifu_image_url":"","fifu_image_alt":"","footnotes":""},"categories":[78,54],"tags":[],"class_list":["post-126192","post","type-post","status-publish","format-standard","hentry","category-economie","category-maroc"],"_links":{"self":[{"href":"https:\/\/linitiative.ca\/International\/wp-json\/wp\/v2\/posts\/126192","targetHints":{"allow":["GET"]}}],"collection":[{"href":"https:\/\/linitiative.ca\/International\/wp-json\/wp\/v2\/posts"}],"about":[{"href":"https:\/\/linitiative.ca\/International\/wp-json\/wp\/v2\/types\/post"}],"author":[{"embeddable":true,"href":"https:\/\/linitiative.ca\/International\/wp-json\/wp\/v2\/users\/1763"}],"replies":[{"embeddable":true,"href":"https:\/\/linitiative.ca\/International\/wp-json\/wp\/v2\/comments?post=126192"}],"version-history":[{"count":0,"href":"https:\/\/linitiative.ca\/International\/wp-json\/wp\/v2\/posts\/126192\/revisions"}],"wp:attachment":[{"href":"https:\/\/linitiative.ca\/International\/wp-json\/wp\/v2\/media?parent=126192"}],"wp:term":[{"taxonomy":"category","embeddable":true,"href":"https:\/\/linitiative.ca\/International\/wp-json\/wp\/v2\/categories?post=126192"},{"taxonomy":"post_tag","embeddable":true,"href":"https:\/\/linitiative.ca\/International\/wp-json\/wp\/v2\/tags?post=126192"}],"curies":[{"name":"wp","href":"https:\/\/api.w.org\/{rel}","templated":true}]}}