{"id":126194,"date":"2021-09-06T11:46:43","date_gmt":"2021-09-06T15:46:43","guid":{"rendered":"https:\/\/linitiative.ca\/International\/liquidation-de-loce-le-projet-de-decret-adopte\/"},"modified":"2021-09-06T11:46:43","modified_gmt":"2021-09-06T15:46:43","slug":"liquidation-de-loce-le-projet-de-decret-adopte","status":"publish","type":"post","link":"https:\/\/linitiative.ca\/International\/liquidation-de-loce-le-projet-de-decret-adopte\/","title":{"rendered":"Liquidation de l&rsquo;OCE: Le projet de d\u00e9cret adopt\u00e9"},"content":{"rendered":"<div>\n<div class=\"field field-name-body field-type-text-with-summary field-label-hidden\">\n<div class=\"field-items\">\n<div class=\"field-item even\" property=\"content:encoded\">\n<p class=\"rtejustify\">Le Conseil de gouvernement, r\u00e9uni lundi, a adopt\u00e9 le projet de d\u00e9cret n\u00b02.21.677 pris pour application de la loi 06.20 portant dissolution et liquidation de l&rsquo;Office de commercialisation et d&rsquo;exportation (OCE).<\/p>\n<\/div>\n<\/div>\n<\/div>\n<\/div>\n<p>Auteur: hgueye<br \/>\n<a href=\"https:\/\/www.leconomiste.com\/flash-infos\/liquidation-de-l-oce-le-projet-de-decret-adopte\">Cliquez ici pour lire l&rsquo;article depuis sa source.<\/a><\/p>\n","protected":false},"excerpt":{"rendered":"<p>Le Conseil de gouvernement, r\u00e9uni lundi, a adopt\u00e9 le projet de d\u00e9cret n\u00b02.21.677 pris pour application de la loi 06.20 portant dissolution et liquidation de l&rsquo;Office de commercialisation et d&rsquo;exportation (OCE). Auteur: hgueye Cliquez ici pour lire l&rsquo;article depuis sa source.<\/p>\n","protected":false},"author":1763,"featured_media":0,"comment_status":"closed","ping_status":"closed","sticky":false,"template":"","format":"standard","meta":{"fifu_image_url":"","fifu_image_alt":"","footnotes":""},"categories":[78,54],"tags":[],"class_list":["post-126194","post","type-post","status-publish","format-standard","hentry","category-economie","category-maroc"],"_links":{"self":[{"href":"https:\/\/linitiative.ca\/International\/wp-json\/wp\/v2\/posts\/126194","targetHints":{"allow":["GET"]}}],"collection":[{"href":"https:\/\/linitiative.ca\/International\/wp-json\/wp\/v2\/posts"}],"about":[{"href":"https:\/\/linitiative.ca\/International\/wp-json\/wp\/v2\/types\/post"}],"author":[{"embeddable":true,"href":"https:\/\/linitiative.ca\/International\/wp-json\/wp\/v2\/users\/1763"}],"replies":[{"embeddable":true,"href":"https:\/\/linitiative.ca\/International\/wp-json\/wp\/v2\/comments?post=126194"}],"version-history":[{"count":0,"href":"https:\/\/linitiative.ca\/International\/wp-json\/wp\/v2\/posts\/126194\/revisions"}],"wp:attachment":[{"href":"https:\/\/linitiative.ca\/International\/wp-json\/wp\/v2\/media?parent=126194"}],"wp:term":[{"taxonomy":"category","embeddable":true,"href":"https:\/\/linitiative.ca\/International\/wp-json\/wp\/v2\/categories?post=126194"},{"taxonomy":"post_tag","embeddable":true,"href":"https:\/\/linitiative.ca\/International\/wp-json\/wp\/v2\/tags?post=126194"}],"curies":[{"name":"wp","href":"https:\/\/api.w.org\/{rel}","templated":true}]}}