{"id":126195,"date":"2021-09-06T11:52:31","date_gmt":"2021-09-06T15:52:31","guid":{"rendered":"https:\/\/linitiative.ca\/International\/controle-par-les-pharmaciens-inspecteurs-un-projet-de-decret-adopte\/"},"modified":"2021-09-06T11:52:31","modified_gmt":"2021-09-06T15:52:31","slug":"controle-par-les-pharmaciens-inspecteurs-un-projet-de-decret-adopte","status":"publish","type":"post","link":"https:\/\/linitiative.ca\/International\/controle-par-les-pharmaciens-inspecteurs-un-projet-de-decret-adopte\/","title":{"rendered":"Contr\u00f4le par les pharmaciens inspecteurs: Un projet de d\u00e9cret adopt\u00e9"},"content":{"rendered":"<div>\n<div class=\"field field-name-body field-type-text-with-summary field-label-hidden\">\n<div class=\"field-items\">\n<div class=\"field-item even\" property=\"content:encoded\">\n<p class=\"rtejustify\">Le Conseil de gouvernement, r\u00e9uni lundi \u00e0 Rabat,\u00a0a adopt\u00e9 le projet de d\u00e9cret n\u00b0 2.18.878 relatif aux modalit\u00e9s d&rsquo;exercice du contr\u00f4le par les pharmaciens inspecteurs.<\/p>\n<\/div>\n<\/div>\n<\/div>\n<\/div>\n<p>Auteur: hgueye<br \/>\n<a href=\"https:\/\/www.leconomiste.com\/flash-infos\/controle-par-les-pharmaciens-inspecteurs-un-projet-de-decret-adopte\">Cliquez ici pour lire l&rsquo;article depuis sa source.<\/a><\/p>\n","protected":false},"excerpt":{"rendered":"<p>Le Conseil de gouvernement, r\u00e9uni lundi \u00e0 Rabat,\u00a0a adopt\u00e9 le projet de d\u00e9cret n\u00b0 2.18.878 relatif aux modalit\u00e9s d&rsquo;exercice du contr\u00f4le par les pharmaciens inspecteurs. Auteur: hgueye Cliquez ici pour lire l&rsquo;article depuis sa source.<\/p>\n","protected":false},"author":1763,"featured_media":0,"comment_status":"closed","ping_status":"closed","sticky":false,"template":"","format":"standard","meta":{"fifu_image_url":"","fifu_image_alt":"","footnotes":""},"categories":[78,54],"tags":[],"class_list":["post-126195","post","type-post","status-publish","format-standard","hentry","category-economie","category-maroc"],"_links":{"self":[{"href":"https:\/\/linitiative.ca\/International\/wp-json\/wp\/v2\/posts\/126195","targetHints":{"allow":["GET"]}}],"collection":[{"href":"https:\/\/linitiative.ca\/International\/wp-json\/wp\/v2\/posts"}],"about":[{"href":"https:\/\/linitiative.ca\/International\/wp-json\/wp\/v2\/types\/post"}],"author":[{"embeddable":true,"href":"https:\/\/linitiative.ca\/International\/wp-json\/wp\/v2\/users\/1763"}],"replies":[{"embeddable":true,"href":"https:\/\/linitiative.ca\/International\/wp-json\/wp\/v2\/comments?post=126195"}],"version-history":[{"count":0,"href":"https:\/\/linitiative.ca\/International\/wp-json\/wp\/v2\/posts\/126195\/revisions"}],"wp:attachment":[{"href":"https:\/\/linitiative.ca\/International\/wp-json\/wp\/v2\/media?parent=126195"}],"wp:term":[{"taxonomy":"category","embeddable":true,"href":"https:\/\/linitiative.ca\/International\/wp-json\/wp\/v2\/categories?post=126195"},{"taxonomy":"post_tag","embeddable":true,"href":"https:\/\/linitiative.ca\/International\/wp-json\/wp\/v2\/tags?post=126195"}],"curies":[{"name":"wp","href":"https:\/\/api.w.org\/{rel}","templated":true}]}}