{"id":126199,"date":"2021-09-06T06:05:00","date_gmt":"2021-09-06T10:05:00","guid":{"rendered":"https:\/\/linitiative.ca\/International\/burkina-faso-algerie-a-quelle-heure-et-ou-voir-le-match\/"},"modified":"2021-09-06T06:05:00","modified_gmt":"2021-09-06T10:05:00","slug":"burkina-faso-algerie-a-quelle-heure-et-ou-voir-le-match","status":"publish","type":"post","link":"https:\/\/linitiative.ca\/International\/burkina-faso-algerie-a-quelle-heure-et-ou-voir-le-match\/","title":{"rendered":"Burkina Faso-Alg\u00e9rie : A quelle heure et o\u00f9 voir le match"},"content":{"rendered":"<div>Dans le cadre des \u00e9liminatoires pour la Coupe du Monde 2022, la s\u00e9lection nationale affronte le Burkina Faso<img loading=\"lazy\" decoding=\"async\" src=\"http:\/\/feeds.feedburner.com\/~r\/GalerieFArtciles\/~4\/8GaDxspAXW0\" height=\"1\" width=\"1\" alt=\"\"><\/div>\n<p>Auteur:<br \/>\n<a href=\"http:\/\/www.lebuteur.com\/article\/detail?titre=burkina-faso-algerie-a-quelle-heure-et-ou-voir-le-match&#038;id=101030&#038;utm_source=feedburner&#038;utm_medium=feed&#038;utm_campaign=Feed%3A+GalerieFArtciles+%28Les+derniers+articles++-+lebuteur.com%29\">Cliquez ici pour lire l&rsquo;article depuis sa source.<\/a><\/p>\n","protected":false},"excerpt":{"rendered":"<p>Dans le cadre des \u00e9liminatoires pour la Coupe du Monde 2022, la s\u00e9lection nationale affronte le Burkina Faso Auteur: Cliquez ici pour lire l&rsquo;article depuis sa source.<\/p>\n","protected":false},"author":1738,"featured_media":0,"comment_status":"closed","ping_status":"closed","sticky":false,"template":"","format":"standard","meta":{"fifu_image_url":"http:\/\/feeds.feedburner.com\/~r\/GalerieFArtciles\/~4\/8GaDxspAXW0","fifu_image_alt":"Burkina Faso-Alg\u00e9rie : A quelle heure et o\u00f9 voir le match","footnotes":""},"categories":[53,75],"tags":[],"class_list":["post-126199","post","type-post","status-publish","format-standard","hentry","category-algerie","category-sport"],"_links":{"self":[{"href":"https:\/\/linitiative.ca\/International\/wp-json\/wp\/v2\/posts\/126199","targetHints":{"allow":["GET"]}}],"collection":[{"href":"https:\/\/linitiative.ca\/International\/wp-json\/wp\/v2\/posts"}],"about":[{"href":"https:\/\/linitiative.ca\/International\/wp-json\/wp\/v2\/types\/post"}],"author":[{"embeddable":true,"href":"https:\/\/linitiative.ca\/International\/wp-json\/wp\/v2\/users\/1738"}],"replies":[{"embeddable":true,"href":"https:\/\/linitiative.ca\/International\/wp-json\/wp\/v2\/comments?post=126199"}],"version-history":[{"count":0,"href":"https:\/\/linitiative.ca\/International\/wp-json\/wp\/v2\/posts\/126199\/revisions"}],"wp:attachment":[{"href":"https:\/\/linitiative.ca\/International\/wp-json\/wp\/v2\/media?parent=126199"}],"wp:term":[{"taxonomy":"category","embeddable":true,"href":"https:\/\/linitiative.ca\/International\/wp-json\/wp\/v2\/categories?post=126199"},{"taxonomy":"post_tag","embeddable":true,"href":"https:\/\/linitiative.ca\/International\/wp-json\/wp\/v2\/tags?post=126199"}],"curies":[{"name":"wp","href":"https:\/\/api.w.org\/{rel}","templated":true}]}}