{"id":126200,"date":"2021-09-06T07:09:00","date_gmt":"2021-09-06T11:09:00","guid":{"rendered":"https:\/\/linitiative.ca\/International\/la-raison-de-lechec-du-transfert-dadam-ounas-a-marseille-devoilee\/"},"modified":"2021-09-06T07:09:00","modified_gmt":"2021-09-06T11:09:00","slug":"la-raison-de-lechec-du-transfert-dadam-ounas-a-marseille-devoilee","status":"publish","type":"post","link":"https:\/\/linitiative.ca\/International\/la-raison-de-lechec-du-transfert-dadam-ounas-a-marseille-devoilee\/","title":{"rendered":"La raison de l&rsquo;\u00e9chec du transfert d&rsquo;Adam Ounas \u00e0 Marseille d\u00e9voil\u00e9e"},"content":{"rendered":"<div>Dans les derni\u00e8res heures du mercato estival, le pr\u00e9sident de l\u2019Olympique de Marseille Pablo Longoria a tent\u00e9 en vain une offensive pour l&rsquo;ailier de Naples Adam Ounas (24 ans)<img loading=\"lazy\" decoding=\"async\" src=\"http:\/\/feeds.feedburner.com\/~r\/GalerieFArtciles\/~4\/64iesiBV5GI\" height=\"1\" width=\"1\" alt=\"\"><\/div>\n<p>Auteur:<br \/>\n<a href=\"http:\/\/www.lebuteur.com\/article\/detail?titre=la-raison-de-lechec-du-transfert-dadam-ounas-a-marseille-devoilee&#038;id=101031&#038;utm_source=feedburner&#038;utm_medium=feed&#038;utm_campaign=Feed%3A+GalerieFArtciles+%28Les+derniers+articles++-+lebuteur.com%29\">Cliquez ici pour lire l&rsquo;article depuis sa source.<\/a><\/p>\n","protected":false},"excerpt":{"rendered":"<p>Dans les derni\u00e8res heures du mercato estival, le pr\u00e9sident de l\u2019Olympique de Marseille Pablo Longoria a tent\u00e9 en vain une offensive pour l&rsquo;ailier de Naples Adam Ounas (24 ans) Auteur: Cliquez ici pour lire l&rsquo;article depuis sa source.<\/p>\n","protected":false},"author":1738,"featured_media":0,"comment_status":"closed","ping_status":"closed","sticky":false,"template":"","format":"standard","meta":{"fifu_image_url":"http:\/\/feeds.feedburner.com\/~r\/GalerieFArtciles\/~4\/64iesiBV5GI","fifu_image_alt":"<div>La raison de l'\u00e9chec du transfert d'Adam Ounas \u00e0 Marseille d\u00e9voil\u00e9e<\/div>","footnotes":""},"categories":[53,75],"tags":[],"class_list":["post-126200","post","type-post","status-publish","format-standard","hentry","category-algerie","category-sport"],"_links":{"self":[{"href":"https:\/\/linitiative.ca\/International\/wp-json\/wp\/v2\/posts\/126200","targetHints":{"allow":["GET"]}}],"collection":[{"href":"https:\/\/linitiative.ca\/International\/wp-json\/wp\/v2\/posts"}],"about":[{"href":"https:\/\/linitiative.ca\/International\/wp-json\/wp\/v2\/types\/post"}],"author":[{"embeddable":true,"href":"https:\/\/linitiative.ca\/International\/wp-json\/wp\/v2\/users\/1738"}],"replies":[{"embeddable":true,"href":"https:\/\/linitiative.ca\/International\/wp-json\/wp\/v2\/comments?post=126200"}],"version-history":[{"count":0,"href":"https:\/\/linitiative.ca\/International\/wp-json\/wp\/v2\/posts\/126200\/revisions"}],"wp:attachment":[{"href":"https:\/\/linitiative.ca\/International\/wp-json\/wp\/v2\/media?parent=126200"}],"wp:term":[{"taxonomy":"category","embeddable":true,"href":"https:\/\/linitiative.ca\/International\/wp-json\/wp\/v2\/categories?post=126200"},{"taxonomy":"post_tag","embeddable":true,"href":"https:\/\/linitiative.ca\/International\/wp-json\/wp\/v2\/tags?post=126200"}],"curies":[{"name":"wp","href":"https:\/\/api.w.org\/{rel}","templated":true}]}}