{"id":126201,"date":"2021-09-06T06:38:18","date_gmt":"2021-09-06T10:38:18","guid":{"rendered":"https:\/\/linitiative.ca\/International\/algerie-maroc-des-intellectuels-maghrebins-appellent-a-la-raison\/"},"modified":"2021-09-06T06:38:18","modified_gmt":"2021-09-06T10:38:18","slug":"algerie-maroc-des-intellectuels-maghrebins-appellent-a-la-raison","status":"publish","type":"post","link":"https:\/\/linitiative.ca\/International\/algerie-maroc-des-intellectuels-maghrebins-appellent-a-la-raison\/","title":{"rendered":"Alg\u00e9rie \u2013 Maroc : Des intellectuels maghr\u00e9bins appellent \u00e0 \u00abla raison\u00bb"},"content":{"rendered":"<div>\n<div class=\"sriret\"><img decoding=\"async\" src=\"https:\/\/linitiative.ca\/International\/wp-content\/uploads\/sites\/23\/2021\/09\/default-picture-709x366_c-10.jpg\"><\/div>\n<p class=\"p1\"><span class=\"s1\"><b>F<\/b><\/span><span class=\"s1\">ace \u00e0 l\u2019escalade actuelle dans les relations entre le Maroc et l\u2019Alg\u00e9rie, plus de 200 intellectuels, marocains et alg\u00e9riens, appellent, dans une d\u00e9claration commune, \u00e0 <i>\u00abl\u2019apaisement\u00bb<\/i>. Ils expriment leur grande inqui\u00e9tude quant \u00e0 ce qu\u2019ils appellent une <i>\u00abconfrontation contre-nature\u00bb. \u00abNous sommes convaincus que les v\u00e9ritables femmes et hommes d\u2019Etat sont celles et ceux qui construisent le vivre-ensemble, la paix et la coop\u00e9ration et non celles et ceux qui s\u2019inscrivent dans la course \u00e0 la haine, \u00e0 l\u2019armement, aux escalades et aux appels \u00e0 la guerre\u00bb<\/i>, \u00e9crivent-ils. <\/span><b><i><\/i><\/b><\/p>\n<p class=\"p2\">*Retrouvez l\u2019inte\u0301gralite\u0301 de nos articles sur la version papier<\/p>\n<p>L\u2019article <a rel=\"nofollow\" href=\"https:\/\/www.elwatan.com\/edition\/actualite\/algerie-maroc-des-intellectuels-maghrebins-appellent-a-la-raison-06-09-2021\">Alg\u00e9rie \u2013 Maroc : Des intellectuels maghr\u00e9bins appellent \u00e0 \u00abla raison\u00bb<\/a> est apparu en premier sur <a rel=\"nofollow\" href=\"https:\/\/www.elwatan.com\/\">El Watan<\/a>.<\/p>\n<\/div>\n<p>Auteur: Hicham Chouadria<br \/>\n<a href=\"https:\/\/www.elwatan.com\/edition\/actualite\/algerie-maroc-des-intellectuels-maghrebins-appellent-a-la-raison-06-09-2021\">Cliquez ici pour lire l&rsquo;article depuis sa source.<\/a><\/p>\n","protected":false},"excerpt":{"rendered":"<p>Face \u00e0 l\u2019escalade actuelle dans les relations entre le Maroc et l\u2019Alg\u00e9rie, plus de 200 intellectuels, marocains et alg\u00e9riens, appellent, dans une d\u00e9claration commune, \u00e0 \u00abl\u2019apaisement\u00bb. Ils expriment leur grande inqui\u00e9tude quant \u00e0 ce qu\u2019ils appellent une \u00abconfrontation contre-nature\u00bb. \u00abNous sommes convaincus que les v\u00e9ritables femmes et hommes d\u2019Etat sont celles et ceux qui construisent [&hellip;]<\/p>\n","protected":false},"author":1743,"featured_media":0,"comment_status":"closed","ping_status":"closed","sticky":false,"template":"","format":"standard","meta":{"fifu_image_url":"https:\/\/www.elwatan.com\/wp-content\/themes\/spectr\/img\/default-picture-709x366_c.jpg","fifu_image_alt":"Alg\u00e9rie \u2013 Maroc : Des intellectuels maghr\u00e9bins appellent \u00e0 \u00abla raison\u00bb","footnotes":""},"categories":[73,53],"tags":[],"class_list":["post-126201","post","type-post","status-publish","format-standard","hentry","category-actualite","category-algerie"],"_links":{"self":[{"href":"https:\/\/linitiative.ca\/International\/wp-json\/wp\/v2\/posts\/126201","targetHints":{"allow":["GET"]}}],"collection":[{"href":"https:\/\/linitiative.ca\/International\/wp-json\/wp\/v2\/posts"}],"about":[{"href":"https:\/\/linitiative.ca\/International\/wp-json\/wp\/v2\/types\/post"}],"author":[{"embeddable":true,"href":"https:\/\/linitiative.ca\/International\/wp-json\/wp\/v2\/users\/1743"}],"replies":[{"embeddable":true,"href":"https:\/\/linitiative.ca\/International\/wp-json\/wp\/v2\/comments?post=126201"}],"version-history":[{"count":0,"href":"https:\/\/linitiative.ca\/International\/wp-json\/wp\/v2\/posts\/126201\/revisions"}],"wp:attachment":[{"href":"https:\/\/linitiative.ca\/International\/wp-json\/wp\/v2\/media?parent=126201"}],"wp:term":[{"taxonomy":"category","embeddable":true,"href":"https:\/\/linitiative.ca\/International\/wp-json\/wp\/v2\/categories?post=126201"},{"taxonomy":"post_tag","embeddable":true,"href":"https:\/\/linitiative.ca\/International\/wp-json\/wp\/v2\/tags?post=126201"}],"curies":[{"name":"wp","href":"https:\/\/api.w.org\/{rel}","templated":true}]}}