{"id":126203,"date":"2021-09-06T06:40:01","date_gmt":"2021-09-06T10:40:01","guid":{"rendered":"https:\/\/linitiative.ca\/International\/mouvement-diplomatique-et-designation-denvoyes-speciaux-reinvestir-le-terrain-perdu\/"},"modified":"2021-09-06T06:40:01","modified_gmt":"2021-09-06T10:40:01","slug":"mouvement-diplomatique-et-designation-denvoyes-speciaux-reinvestir-le-terrain-perdu","status":"publish","type":"post","link":"https:\/\/linitiative.ca\/International\/mouvement-diplomatique-et-designation-denvoyes-speciaux-reinvestir-le-terrain-perdu\/","title":{"rendered":"Mouvement diplomatique et d\u00e9signation d\u2019envoy\u00e9s sp\u00e9ciaux : R\u00e9investir le terrain perdu"},"content":{"rendered":"<div>\n<div class=\"sriret\"><img loading=\"lazy\" decoding=\"async\" width=\"800\" height=\"571\" src=\"https:\/\/linitiative.ca\/International\/wp-content\/uploads\/sites\/23\/2021\/09\/lamamra-e1553039446181.jpeg\" class=\"attachment-featured_large size-featured_large wp-post-image\" alt=\"\" style=\"margin-bottom: 15px;\"><\/div>\n<p>Qualifi\u00e9e \u00abd\u2019inefficace\u00bb, voire \u00abd\u2019absente\u00bb sur le terrain international, la diplomatie alg\u00e9rienne pourrait-elle conna\u00eetre un nouveau d\u00e9part\u00a0? C\u2019est du moins l\u2019objectif affich\u00e9 par les autorit\u00e9s en annon\u00e7ant, hier, une s\u00e9rie de d\u00e9cisions \u00abtendant \u00e0 r\u00e9volutionner l\u2019action diplomatique alg\u00e9rienne\u00bb.<\/p>\n<p>En effet, dans la foul\u00e9e de l\u2019adoption du plan d\u2019action du gouvernement, il y a une semaine par le Conseil des ministres, le chef de l\u2019Etat, Abdelmadjid Tebboune, a pris quatre mesures en vue de donner un souffle nouveau \u00e0 la pr\u00e9sence alg\u00e9rienne sur le plan international\u00a0: d\u00e9signations d\u2019envoy\u00e9s sp\u00e9ciaux charg\u00e9s de conduire l\u2019action internationale de l\u2019Alg\u00e9rie, lancement d\u2019un vaste mouvement dans le corps diplomatique devant concerner 70 postes, organisation d\u2019une grande conf\u00e9rence des chefs de postes diplomatiques et consulaires et la r\u00e9activation de la direction g\u00e9n\u00e9rale de la veille strat\u00e9gique.<\/p>\n<p>*Retrouvez l\u2019int\u00e9gralit\u00e9 de nos articles sur la version papier<\/p>\n<p>L\u2019article <a rel=\"nofollow\" href=\"https:\/\/www.elwatan.com\/a-la-une\/mouvement-diplomatique-et-designation-denvoyes-speciaux-reinvestir-le-terrain-perdu-06-09-2021\">Mouvement diplomatique et d\u00e9signation d\u2019envoy\u00e9s sp\u00e9ciaux : R\u00e9investir le terrain perdu<\/a> est apparu en premier sur <a rel=\"nofollow\" href=\"https:\/\/www.elwatan.com\/\">El Watan<\/a>.<\/p>\n<\/div>\n<p>Auteur: Hicham Chouadria<br \/>\n<a href=\"https:\/\/www.elwatan.com\/a-la-une\/mouvement-diplomatique-et-designation-denvoyes-speciaux-reinvestir-le-terrain-perdu-06-09-2021\">Cliquez ici pour lire l&rsquo;article depuis sa source.<\/a><\/p>\n","protected":false},"excerpt":{"rendered":"<p>Qualifi\u00e9e \u00abd\u2019inefficace\u00bb, voire \u00abd\u2019absente\u00bb sur le terrain international, la diplomatie alg\u00e9rienne pourrait-elle conna\u00eetre un nouveau d\u00e9part\u00a0? C\u2019est du moins l\u2019objectif affich\u00e9 par les autorit\u00e9s en annon\u00e7ant, hier, une s\u00e9rie de d\u00e9cisions \u00abtendant \u00e0 r\u00e9volutionner l\u2019action diplomatique alg\u00e9rienne\u00bb. En effet, dans la foul\u00e9e de l\u2019adoption du plan d\u2019action du gouvernement, il y a une semaine par [&hellip;]<\/p>\n","protected":false},"author":1743,"featured_media":0,"comment_status":"closed","ping_status":"closed","sticky":false,"template":"","format":"standard","meta":{"fifu_image_url":"https:\/\/www.elwatan.com\/wp-content\/uploads\/2019\/03\/lamamra-e1553039446181.jpeg","fifu_image_alt":"Mouvement diplomatique et d\u00e9signation d\u2019envoy\u00e9s sp\u00e9ciaux : R\u00e9investir le terrain perdu","footnotes":""},"categories":[73,53],"tags":[],"class_list":["post-126203","post","type-post","status-publish","format-standard","hentry","category-actualite","category-algerie"],"_links":{"self":[{"href":"https:\/\/linitiative.ca\/International\/wp-json\/wp\/v2\/posts\/126203","targetHints":{"allow":["GET"]}}],"collection":[{"href":"https:\/\/linitiative.ca\/International\/wp-json\/wp\/v2\/posts"}],"about":[{"href":"https:\/\/linitiative.ca\/International\/wp-json\/wp\/v2\/types\/post"}],"author":[{"embeddable":true,"href":"https:\/\/linitiative.ca\/International\/wp-json\/wp\/v2\/users\/1743"}],"replies":[{"embeddable":true,"href":"https:\/\/linitiative.ca\/International\/wp-json\/wp\/v2\/comments?post=126203"}],"version-history":[{"count":0,"href":"https:\/\/linitiative.ca\/International\/wp-json\/wp\/v2\/posts\/126203\/revisions"}],"wp:attachment":[{"href":"https:\/\/linitiative.ca\/International\/wp-json\/wp\/v2\/media?parent=126203"}],"wp:term":[{"taxonomy":"category","embeddable":true,"href":"https:\/\/linitiative.ca\/International\/wp-json\/wp\/v2\/categories?post=126203"},{"taxonomy":"post_tag","embeddable":true,"href":"https:\/\/linitiative.ca\/International\/wp-json\/wp\/v2\/tags?post=126203"}],"curies":[{"name":"wp","href":"https:\/\/api.w.org\/{rel}","templated":true}]}}