{"id":126205,"date":"2021-09-06T09:35:26","date_gmt":"2021-09-06T13:35:26","guid":{"rendered":"https:\/\/linitiative.ca\/International\/corruption-report-au-13-septembre-du-proces-de-hamid-melzi\/"},"modified":"2021-09-06T09:35:26","modified_gmt":"2021-09-06T13:35:26","slug":"corruption-report-au-13-septembre-du-proces-de-hamid-melzi","status":"publish","type":"post","link":"https:\/\/linitiative.ca\/International\/corruption-report-au-13-septembre-du-proces-de-hamid-melzi\/","title":{"rendered":"Corruption : Report au 13 septembre du proc\u00e8s de Hamid Melzi"},"content":{"rendered":"<div>\n<div class=\"sriret\"><img decoding=\"async\" src=\"https:\/\/linitiative.ca\/International\/wp-content\/uploads\/sites\/23\/2021\/09\/default-picture-709x366_c-11.jpg\"><\/div>\n<p>Le proc\u00e8s de l\u2019ancien directeur g\u00e9n\u00e9ral de l\u2019\u00e9tablissement public \u00ab\u00a0Sahel\u00a0\u00bb, Hamid Melzi, a \u00e9t\u00e9 report\u00e9 au 13 septembre, par le juge du p\u00f4le p\u00e9nal \u00e9conomique et financier du tribunal de Sidi M\u2019Hamed d\u2019Alger, suite \u00e0 la demande des avocats de la d\u00e9fense.<\/p>\n<p>Hamid Melzi, plac\u00e9 sous mandat de d\u00e9p\u00f4t depuis mai 2019, est poursuivi par le m\u00eame tribunal, au m\u00eame titre que les deux anciens Premiers ministres, Ahmed Ouyahia et Abdelmalek Sellal, ainsi que plusieurs cadres, pour abus de fonction volontaire \u00e0 l\u2019effet d\u2019accorder d\u2019indus privil\u00e8ges en violation\u00a0\u00a0 des lois et r\u00e9glementations, outre la conclusion de contrats en violation des dispositions l\u00e9gislatives et r\u00e9glementaires en vigueur pour attribution d\u2019avantages injustifi\u00e9s \u00e0 autrui. Rappelons que l\u2019ouverture de ce proc\u00e8s a \u00e9t\u00e9 pr\u00e9vue le 16 ao\u00fbt dernier au niveau de la m\u00eame instance judiciaire, et ce apr\u00e8s plus de deux ann\u00e9es d\u2019instruction.<\/p>\n<p>L\u2019article <a rel=\"nofollow\" href=\"https:\/\/www.elwatan.com\/edition\/actualite\/corruption-report-au-13-septembre-du-proces-de-hamid-melzi-06-09-2021\">Corruption : Report au 13 septembre du proc\u00e8s de Hamid Melzi<\/a> est apparu en premier sur <a rel=\"nofollow\" href=\"https:\/\/www.elwatan.com\/\">El Watan<\/a>.<\/p>\n<\/div>\n<p>Auteur: Abdelghani Aichoun<br \/>\n<a href=\"https:\/\/www.elwatan.com\/edition\/actualite\/corruption-report-au-13-septembre-du-proces-de-hamid-melzi-06-09-2021\">Cliquez ici pour lire l&rsquo;article depuis sa source.<\/a><\/p>\n","protected":false},"excerpt":{"rendered":"<p>Le proc\u00e8s de l\u2019ancien directeur g\u00e9n\u00e9ral de l\u2019\u00e9tablissement public \u00ab\u00a0Sahel\u00a0\u00bb, Hamid Melzi, a \u00e9t\u00e9 report\u00e9 au 13 septembre, par le juge du p\u00f4le p\u00e9nal \u00e9conomique et financier du tribunal de Sidi M\u2019Hamed d\u2019Alger, suite \u00e0 la demande des avocats de la d\u00e9fense. Hamid Melzi, plac\u00e9 sous mandat de d\u00e9p\u00f4t depuis mai 2019, est poursuivi par [&hellip;]<\/p>\n","protected":false},"author":1743,"featured_media":0,"comment_status":"closed","ping_status":"closed","sticky":false,"template":"","format":"standard","meta":{"fifu_image_url":"https:\/\/www.elwatan.com\/wp-content\/themes\/spectr\/img\/default-picture-709x366_c.jpg","fifu_image_alt":"Corruption : Report au 13 septembre du proc\u00e8s de Hamid Melzi","footnotes":""},"categories":[73,53],"tags":[],"class_list":["post-126205","post","type-post","status-publish","format-standard","hentry","category-actualite","category-algerie"],"_links":{"self":[{"href":"https:\/\/linitiative.ca\/International\/wp-json\/wp\/v2\/posts\/126205","targetHints":{"allow":["GET"]}}],"collection":[{"href":"https:\/\/linitiative.ca\/International\/wp-json\/wp\/v2\/posts"}],"about":[{"href":"https:\/\/linitiative.ca\/International\/wp-json\/wp\/v2\/types\/post"}],"author":[{"embeddable":true,"href":"https:\/\/linitiative.ca\/International\/wp-json\/wp\/v2\/users\/1743"}],"replies":[{"embeddable":true,"href":"https:\/\/linitiative.ca\/International\/wp-json\/wp\/v2\/comments?post=126205"}],"version-history":[{"count":0,"href":"https:\/\/linitiative.ca\/International\/wp-json\/wp\/v2\/posts\/126205\/revisions"}],"wp:attachment":[{"href":"https:\/\/linitiative.ca\/International\/wp-json\/wp\/v2\/media?parent=126205"}],"wp:term":[{"taxonomy":"category","embeddable":true,"href":"https:\/\/linitiative.ca\/International\/wp-json\/wp\/v2\/categories?post=126205"},{"taxonomy":"post_tag","embeddable":true,"href":"https:\/\/linitiative.ca\/International\/wp-json\/wp\/v2\/tags?post=126205"}],"curies":[{"name":"wp","href":"https:\/\/api.w.org\/{rel}","templated":true}]}}