{"id":126207,"date":"2021-09-06T11:21:21","date_gmt":"2021-09-06T15:21:21","guid":{"rendered":"https:\/\/linitiative.ca\/International\/media-le-proces-en-appel-de-rabah-kareche-prevu-le-4-octobre\/"},"modified":"2021-09-06T11:21:21","modified_gmt":"2021-09-06T15:21:21","slug":"media-le-proces-en-appel-de-rabah-kareche-prevu-le-4-octobre","status":"publish","type":"post","link":"https:\/\/linitiative.ca\/International\/media-le-proces-en-appel-de-rabah-kareche-prevu-le-4-octobre\/","title":{"rendered":"M\u00e9dia\u00a0: Le proc\u00e8s en appel de Rabah Kareche pr\u00e9vu le 4 octobre"},"content":{"rendered":"<div>\n<div class=\"sriret\"><img decoding=\"async\" src=\"https:\/\/linitiative.ca\/International\/wp-content\/uploads\/sites\/23\/2021\/09\/default-picture-709x366_c-12.jpg\"><\/div>\n<p>Le proc\u00e8s en appel du journaliste Rabah Kareche se tiendra le 4 octobre prochain \u00e0 la cour de Tamenrasset.<\/p>\n<p>C\u2019est ce qu\u2019a indiqu\u00e9, aujourd\u2019hui lundi 6 septembre, le Comit\u00e9 national pour la lib\u00e9ration des d\u00e9tenus (CNLD). Le correspondant du quotidien \u00abLibert\u00e9\u00bb avait \u00e9tait condamn\u00e9 en premi\u00e8re instance, le 12 ao\u00fbt dernier (le proc\u00e8s s\u2019\u00e9tait tenu le 5 ao\u00fbt), \u00e0 un an de prison, dont huit mois ferme, assorti d\u2019une amende de 20\u00a0000 dinars. Le parquet avait requis trois ans de prison ferme. Kareche est poursuivi pour les chefs d\u2019inculpation de \u00abcr\u00e9ation d\u2019un compte \u00e9lectronique consacr\u00e9 \u00e0 la diffusion d\u2019informations susceptibles de provoquer la s\u00e9gr\u00e9gation et la haine dans la soci\u00e9t\u00e9\u00bb, \u00abdiffusion volontaire de fausses informations susceptibles d\u2019attenter \u00e0 l\u2019ordre public\u00bb et \u00abusage de divers moyens pour porter atteinte \u00e0 la suret\u00e9 et l\u2019unit\u00e9 nationale\u00bb.<\/p>\n<p>L\u2019article <a rel=\"nofollow\" href=\"https:\/\/www.elwatan.com\/edition\/actualite\/media-le-proces-en-appel-de-rabah-kareche-prevu-le-4-octobre-06-09-2021\">M\u00e9dia\u00a0: Le proc\u00e8s en appel de Rabah Kareche pr\u00e9vu le 4 octobre<\/a> est apparu en premier sur <a rel=\"nofollow\" href=\"https:\/\/www.elwatan.com\/\">El Watan<\/a>.<\/p>\n<\/div>\n<p>Auteur: Abdelghani Aichoun<br \/>\n<a href=\"https:\/\/www.elwatan.com\/edition\/actualite\/media-le-proces-en-appel-de-rabah-kareche-prevu-le-4-octobre-06-09-2021\">Cliquez ici pour lire l&rsquo;article depuis sa source.<\/a><\/p>\n","protected":false},"excerpt":{"rendered":"<p>Le proc\u00e8s en appel du journaliste Rabah Kareche se tiendra le 4 octobre prochain \u00e0 la cour de Tamenrasset. C\u2019est ce qu\u2019a indiqu\u00e9, aujourd\u2019hui lundi 6 septembre, le Comit\u00e9 national pour la lib\u00e9ration des d\u00e9tenus (CNLD). Le correspondant du quotidien \u00abLibert\u00e9\u00bb avait \u00e9tait condamn\u00e9 en premi\u00e8re instance, le 12 ao\u00fbt dernier (le proc\u00e8s s\u2019\u00e9tait tenu [&hellip;]<\/p>\n","protected":false},"author":1743,"featured_media":0,"comment_status":"closed","ping_status":"closed","sticky":false,"template":"","format":"standard","meta":{"fifu_image_url":"https:\/\/www.elwatan.com\/wp-content\/themes\/spectr\/img\/default-picture-709x366_c.jpg","fifu_image_alt":"M\u00e9dia\u00a0: Le proc\u00e8s en appel de Rabah Kareche pr\u00e9vu le 4 octobre","footnotes":""},"categories":[73,53],"tags":[],"class_list":["post-126207","post","type-post","status-publish","format-standard","hentry","category-actualite","category-algerie"],"_links":{"self":[{"href":"https:\/\/linitiative.ca\/International\/wp-json\/wp\/v2\/posts\/126207","targetHints":{"allow":["GET"]}}],"collection":[{"href":"https:\/\/linitiative.ca\/International\/wp-json\/wp\/v2\/posts"}],"about":[{"href":"https:\/\/linitiative.ca\/International\/wp-json\/wp\/v2\/types\/post"}],"author":[{"embeddable":true,"href":"https:\/\/linitiative.ca\/International\/wp-json\/wp\/v2\/users\/1743"}],"replies":[{"embeddable":true,"href":"https:\/\/linitiative.ca\/International\/wp-json\/wp\/v2\/comments?post=126207"}],"version-history":[{"count":0,"href":"https:\/\/linitiative.ca\/International\/wp-json\/wp\/v2\/posts\/126207\/revisions"}],"wp:attachment":[{"href":"https:\/\/linitiative.ca\/International\/wp-json\/wp\/v2\/media?parent=126207"}],"wp:term":[{"taxonomy":"category","embeddable":true,"href":"https:\/\/linitiative.ca\/International\/wp-json\/wp\/v2\/categories?post=126207"},{"taxonomy":"post_tag","embeddable":true,"href":"https:\/\/linitiative.ca\/International\/wp-json\/wp\/v2\/tags?post=126207"}],"curies":[{"name":"wp","href":"https:\/\/api.w.org\/{rel}","templated":true}]}}