{"id":126211,"date":"2021-09-06T06:20:00","date_gmt":"2021-09-06T10:20:00","guid":{"rendered":"https:\/\/linitiative.ca\/International\/sonia-mabrouk-cartonne\/"},"modified":"2021-09-06T06:20:00","modified_gmt":"2021-09-06T10:20:00","slug":"sonia-mabrouk-cartonne","status":"publish","type":"post","link":"https:\/\/linitiative.ca\/International\/sonia-mabrouk-cartonne\/","title":{"rendered":"Sonia Mabrouk cartonne"},"content":{"rendered":"<div><img decoding=\"async\" src=\"https:\/\/linitiative.ca\/International\/wp-content\/uploads\/sites\/23\/2021\/09\/1630920817_article.jpg\" alt=\"Sonia Mabrouk cartonne\" align=\"left\">Elle gagne du galon et s\u2019impose de plus en plus parmi les grandes stars d\u2019Europe 1. Sonia Mabrouk est non seulement reconduite, apr\u00e8s le grand chambardement op\u00e9r\u00e9 au sein de la station radiophonique \u00e0 la reconqu\u00eate d\u2019une large audience, mais aussi elle h\u00e9rite de l\u2019\u00e9mission dominicale phare \u00abLe grand rendez-vous\u00bb. En partenariat avec la cha\u00eene t\u00e9l\u00e9 CNews et le quotidien Les \u00c9chos, cette \u00e9mission re\u00e7oit en direct le dimanche pendant une heure \u00e0 partir de 10 heures une personnalit\u00e9 de premier plan. En semaine, du lundi au vendredi, Sonia re\u00e7oit \u00e0 8h15, dans son \u00e9mission \u00abL\u2019interview politique\u00bb, un acteur significatif de l\u2019actualit\u00e9.<br \/>\nCes deux rendez-vous &#8230;<\/p>\n<\/div>\n<p>Auteur:<br \/>\n<a href=\"https:\/\/www.leaders.com.tn\/article\/32367-sonia-mabrouk-cartonne\">Cliquez ici pour lire l&rsquo;article depuis sa source.<\/a><\/p>\n","protected":false},"excerpt":{"rendered":"<p>Elle gagne du galon et s\u2019impose de plus en plus parmi les grandes stars d\u2019Europe 1. Sonia Mabrouk est non seulement reconduite, apr\u00e8s le grand chambardement op\u00e9r\u00e9 au sein de la station radiophonique \u00e0 la reconqu\u00eate d\u2019une large audience, mais aussi elle h\u00e9rite de l\u2019\u00e9mission dominicale phare \u00abLe grand rendez-vous\u00bb. En partenariat avec la cha\u00eene [&hellip;]<\/p>\n","protected":false},"author":1772,"featured_media":0,"comment_status":"closed","ping_status":"closed","sticky":false,"template":"","format":"standard","meta":{"fifu_image_url":"http:\/\/www.leaders.com.tn\/uploads\/content\/thumbnails_small\/1630920817_article.jpg","fifu_image_alt":"Sonia Mabrouk cartonne","footnotes":""},"categories":[73,55],"tags":[],"class_list":["post-126211","post","type-post","status-publish","format-standard","hentry","category-actualite","category-tunisie"],"_links":{"self":[{"href":"https:\/\/linitiative.ca\/International\/wp-json\/wp\/v2\/posts\/126211","targetHints":{"allow":["GET"]}}],"collection":[{"href":"https:\/\/linitiative.ca\/International\/wp-json\/wp\/v2\/posts"}],"about":[{"href":"https:\/\/linitiative.ca\/International\/wp-json\/wp\/v2\/types\/post"}],"author":[{"embeddable":true,"href":"https:\/\/linitiative.ca\/International\/wp-json\/wp\/v2\/users\/1772"}],"replies":[{"embeddable":true,"href":"https:\/\/linitiative.ca\/International\/wp-json\/wp\/v2\/comments?post=126211"}],"version-history":[{"count":0,"href":"https:\/\/linitiative.ca\/International\/wp-json\/wp\/v2\/posts\/126211\/revisions"}],"wp:attachment":[{"href":"https:\/\/linitiative.ca\/International\/wp-json\/wp\/v2\/media?parent=126211"}],"wp:term":[{"taxonomy":"category","embeddable":true,"href":"https:\/\/linitiative.ca\/International\/wp-json\/wp\/v2\/categories?post=126211"},{"taxonomy":"post_tag","embeddable":true,"href":"https:\/\/linitiative.ca\/International\/wp-json\/wp\/v2\/tags?post=126211"}],"curies":[{"name":"wp","href":"https:\/\/api.w.org\/{rel}","templated":true}]}}