{"id":126213,"date":"2021-09-06T07:10:00","date_gmt":"2021-09-06T11:10:00","guid":{"rendered":"https:\/\/linitiative.ca\/International\/scott-dobberstein-nouveau-directeur-de-la-mission-de-lusaid-en-tunisie-sa-feuille-de-route\/"},"modified":"2021-09-06T07:10:00","modified_gmt":"2021-09-06T11:10:00","slug":"scott-dobberstein-nouveau-directeur-de-la-mission-de-lusaid-en-tunisie-sa-feuille-de-route","status":"publish","type":"post","link":"https:\/\/linitiative.ca\/International\/scott-dobberstein-nouveau-directeur-de-la-mission-de-lusaid-en-tunisie-sa-feuille-de-route\/","title":{"rendered":"Scott Dobberstein, nouveau directeur de la mission de l\u2019USAID en Tunisie : sa feuille de route"},"content":{"rendered":"<div><img decoding=\"async\" src=\"https:\/\/linitiative.ca\/International\/wp-content\/uploads\/sites\/23\/2021\/09\/1630923054_article.jpg\" alt=\"Scott Dobberstein, nouveau directeur de la mission de l\u2019USAID en Tunisie : sa feuille de route\" align=\"left\">Des liens personnels et professionnels profonds unissent Scott Dobberstein, nouveau directeur de la mission de l\u2019Agence Am\u00e9ricaine pour le D\u00e9veloppement International (USAID). Il avait \u00e9t\u00e9 affect\u00e9 \u00e0 Tunis en 1990, en tant que responsable du logement et du d\u00e9veloppement urbain en 1990 et c\u2019est l\u00e0 qu&rsquo;il a rencontr\u00e9 sa femme, Insaf. Il est sans doute ravi de retourner, cette fois-ci en tant que directeur. Avant de prendre ses nouvelles fonctions, Scott Dobberstein, a pr\u00eat\u00e9 serment, le 2 septembre \u00e0 Washington DC, lors d\u2019une c\u00e9r\u00e9monie pr\u00e9sid\u00e9e par l&rsquo;administrateur de l\u2019Agence, Samantha Power. \u00ab\u00a0Un pays que vous connaissez si bien &#8211; un pays dont la culture et le peuple &#8230;<\/p>\n<\/div>\n<p>Auteur:<br \/>\n<a href=\"https:\/\/www.leaders.com.tn\/article\/32369-scott-dobberstein-nouveau-directeur-de-la-mission-de-l-usaid-en-tunisie-sa-feuille-de-route\">Cliquez ici pour lire l&rsquo;article depuis sa source.<\/a><\/p>\n","protected":false},"excerpt":{"rendered":"<p>Des liens personnels et professionnels profonds unissent Scott Dobberstein, nouveau directeur de la mission de l\u2019Agence Am\u00e9ricaine pour le D\u00e9veloppement International (USAID). Il avait \u00e9t\u00e9 affect\u00e9 \u00e0 Tunis en 1990, en tant que responsable du logement et du d\u00e9veloppement urbain en 1990 et c\u2019est l\u00e0 qu&rsquo;il a rencontr\u00e9 sa femme, Insaf. Il est sans doute [&hellip;]<\/p>\n","protected":false},"author":1772,"featured_media":0,"comment_status":"closed","ping_status":"closed","sticky":false,"template":"","format":"standard","meta":{"fifu_image_url":"http:\/\/www.leaders.com.tn\/uploads\/content\/thumbnails_small\/1630923054_article.jpg","fifu_image_alt":"Scott Dobberstein, nouveau directeur de la mission de l\u2019USAID en Tunisie : sa feuille de route","footnotes":""},"categories":[73,55],"tags":[],"class_list":["post-126213","post","type-post","status-publish","format-standard","hentry","category-actualite","category-tunisie"],"_links":{"self":[{"href":"https:\/\/linitiative.ca\/International\/wp-json\/wp\/v2\/posts\/126213","targetHints":{"allow":["GET"]}}],"collection":[{"href":"https:\/\/linitiative.ca\/International\/wp-json\/wp\/v2\/posts"}],"about":[{"href":"https:\/\/linitiative.ca\/International\/wp-json\/wp\/v2\/types\/post"}],"author":[{"embeddable":true,"href":"https:\/\/linitiative.ca\/International\/wp-json\/wp\/v2\/users\/1772"}],"replies":[{"embeddable":true,"href":"https:\/\/linitiative.ca\/International\/wp-json\/wp\/v2\/comments?post=126213"}],"version-history":[{"count":0,"href":"https:\/\/linitiative.ca\/International\/wp-json\/wp\/v2\/posts\/126213\/revisions"}],"wp:attachment":[{"href":"https:\/\/linitiative.ca\/International\/wp-json\/wp\/v2\/media?parent=126213"}],"wp:term":[{"taxonomy":"category","embeddable":true,"href":"https:\/\/linitiative.ca\/International\/wp-json\/wp\/v2\/categories?post=126213"},{"taxonomy":"post_tag","embeddable":true,"href":"https:\/\/linitiative.ca\/International\/wp-json\/wp\/v2\/tags?post=126213"}],"curies":[{"name":"wp","href":"https:\/\/api.w.org\/{rel}","templated":true}]}}