{"id":126215,"date":"2021-09-06T07:44:00","date_gmt":"2021-09-06T11:44:00","guid":{"rendered":"https:\/\/linitiative.ca\/International\/hela-ouardi-elue-membre-de-lacademie-royale-de-belgique\/"},"modified":"2021-09-06T07:44:00","modified_gmt":"2021-09-06T11:44:00","slug":"hela-ouardi-elue-membre-de-lacademie-royale-de-belgique","status":"publish","type":"post","link":"https:\/\/linitiative.ca\/International\/hela-ouardi-elue-membre-de-lacademie-royale-de-belgique\/","title":{"rendered":"Hela Ouardi \u00e9lue membre de l\u2019Acad\u00e9mie royale de Belgique"},"content":{"rendered":"<div><img decoding=\"async\" src=\"https:\/\/linitiative.ca\/International\/wp-content\/uploads\/sites\/23\/2021\/09\/1630928704_article.jpg\" alt=\"Hela Ouardi \u00e9lue membre de l\u2019Acad\u00e9mie royale de Belgique\" align=\"left\">Elle sera la premi\u00e8re femme tunisienne \u00e0 si\u00e9ger \u00e0 l\u2019Acad\u00e9mie royale Belge. H\u00e9la Ouardi vient en effet d\u2019y \u00eatre \u00e9lue au sein de la Chaire des mondes francophones. Une seule femme arabe l\u2019y avait pr\u00e9c\u00e9d\u00e9e, Assia Djebar qui sera \u00e9lue en juin 2005, \u00e0 l\u2019Acad\u00e9mie fran\u00e7aise\u2026<br \/>\nProfesseur des Universit\u00e9s, sp\u00e9cialiste en histoire, civilisation et litt\u00e9rature, Hela Ouardi enseigne \u00e0 la Facult\u00e9 des Lettres et des Sciences humaines de la Manouba. Auteure de nombreux ouvrages, son livre \u00ab\u00a0Les derniers jours de Mohammad\u00a0\u00bb (Albin Michel 2016) et sa s\u00e9rie \u00ab\u00a0Les Califes maudits\u00a0\u00bb dont le tome 3 para\u00eetra ce 16 septembre \u00e0 Paris (Albin Michel) rencontrent une large &#8230;<\/p>\n<\/div>\n<p>Auteur:<br \/>\n<a href=\"https:\/\/www.leaders.com.tn\/article\/32370-hela-ouardi-elue-membre-de-l-academie-royale-de-belgique\">Cliquez ici pour lire l&rsquo;article depuis sa source.<\/a><\/p>\n","protected":false},"excerpt":{"rendered":"<p>Elle sera la premi\u00e8re femme tunisienne \u00e0 si\u00e9ger \u00e0 l\u2019Acad\u00e9mie royale Belge. H\u00e9la Ouardi vient en effet d\u2019y \u00eatre \u00e9lue au sein de la Chaire des mondes francophones. Une seule femme arabe l\u2019y avait pr\u00e9c\u00e9d\u00e9e, Assia Djebar qui sera \u00e9lue en juin 2005, \u00e0 l\u2019Acad\u00e9mie fran\u00e7aise\u2026 Professeur des Universit\u00e9s, sp\u00e9cialiste en histoire, civilisation et litt\u00e9rature, [&hellip;]<\/p>\n","protected":false},"author":1772,"featured_media":0,"comment_status":"closed","ping_status":"closed","sticky":false,"template":"","format":"standard","meta":{"fifu_image_url":"http:\/\/www.leaders.com.tn\/uploads\/content\/thumbnails_small\/1630928704_article.jpg","fifu_image_alt":"Hela Ouardi \u00e9lue membre de l\u2019Acad\u00e9mie royale de Belgique","footnotes":""},"categories":[73,55],"tags":[],"class_list":["post-126215","post","type-post","status-publish","format-standard","hentry","category-actualite","category-tunisie"],"_links":{"self":[{"href":"https:\/\/linitiative.ca\/International\/wp-json\/wp\/v2\/posts\/126215","targetHints":{"allow":["GET"]}}],"collection":[{"href":"https:\/\/linitiative.ca\/International\/wp-json\/wp\/v2\/posts"}],"about":[{"href":"https:\/\/linitiative.ca\/International\/wp-json\/wp\/v2\/types\/post"}],"author":[{"embeddable":true,"href":"https:\/\/linitiative.ca\/International\/wp-json\/wp\/v2\/users\/1772"}],"replies":[{"embeddable":true,"href":"https:\/\/linitiative.ca\/International\/wp-json\/wp\/v2\/comments?post=126215"}],"version-history":[{"count":0,"href":"https:\/\/linitiative.ca\/International\/wp-json\/wp\/v2\/posts\/126215\/revisions"}],"wp:attachment":[{"href":"https:\/\/linitiative.ca\/International\/wp-json\/wp\/v2\/media?parent=126215"}],"wp:term":[{"taxonomy":"category","embeddable":true,"href":"https:\/\/linitiative.ca\/International\/wp-json\/wp\/v2\/categories?post=126215"},{"taxonomy":"post_tag","embeddable":true,"href":"https:\/\/linitiative.ca\/International\/wp-json\/wp\/v2\/tags?post=126215"}],"curies":[{"name":"wp","href":"https:\/\/api.w.org\/{rel}","templated":true}]}}