{"id":126219,"date":"2021-09-06T06:00:00","date_gmt":"2021-09-06T10:00:00","guid":{"rendered":"https:\/\/linitiative.ca\/International\/un-vaste-mouvement-diplomatique-enclenche\/"},"modified":"2021-09-06T06:00:00","modified_gmt":"2021-09-06T10:00:00","slug":"un-vaste-mouvement-diplomatique-enclenche","status":"publish","type":"post","link":"https:\/\/linitiative.ca\/International\/un-vaste-mouvement-diplomatique-enclenche\/","title":{"rendered":"Un vaste mouvement diplomatique enclench\u00e9"},"content":{"rendered":"<div>L\u2019un des plus vastes mouvements diplomatiques jamais enregistr\u00e9 depuis ces deux derni\u00e8res d\u00e9cennies est en cours. Le chef de l\u2019\u00c9tat cherche \u00e0 mettre en place une diplomatie \u00aboffensive\u00bb, adapt\u00e9e aux situations auxquelles fait ou est appel\u00e9 \u00e0 faire face le pays\u2026<\/div>\n<p>Auteur:<br \/>\n<a href=\"https:\/\/www.lesoirdalgerie.com\/actualites\/un-vaste-mouvement-diplomatique-enclenche-67074\">Cliquez ici pour lire l&rsquo;article depuis sa source.<\/a><\/p>\n","protected":false},"excerpt":{"rendered":"<p>L\u2019un des plus vastes mouvements diplomatiques jamais enregistr\u00e9 depuis ces deux derni\u00e8res d\u00e9cennies est en cours. Le chef de l\u2019\u00c9tat cherche \u00e0 mettre en place une diplomatie \u00aboffensive\u00bb, adapt\u00e9e aux situations auxquelles fait ou est appel\u00e9 \u00e0 faire face le pays\u2026 Auteur: Cliquez ici pour lire l&rsquo;article depuis sa source.<\/p>\n","protected":false},"author":1741,"featured_media":0,"comment_status":"closed","ping_status":"closed","sticky":false,"template":"","format":"standard","meta":{"fifu_image_url":"","fifu_image_alt":"","footnotes":""},"categories":[73,53],"tags":[],"class_list":["post-126219","post","type-post","status-publish","format-standard","hentry","category-actualite","category-algerie"],"_links":{"self":[{"href":"https:\/\/linitiative.ca\/International\/wp-json\/wp\/v2\/posts\/126219","targetHints":{"allow":["GET"]}}],"collection":[{"href":"https:\/\/linitiative.ca\/International\/wp-json\/wp\/v2\/posts"}],"about":[{"href":"https:\/\/linitiative.ca\/International\/wp-json\/wp\/v2\/types\/post"}],"author":[{"embeddable":true,"href":"https:\/\/linitiative.ca\/International\/wp-json\/wp\/v2\/users\/1741"}],"replies":[{"embeddable":true,"href":"https:\/\/linitiative.ca\/International\/wp-json\/wp\/v2\/comments?post=126219"}],"version-history":[{"count":0,"href":"https:\/\/linitiative.ca\/International\/wp-json\/wp\/v2\/posts\/126219\/revisions"}],"wp:attachment":[{"href":"https:\/\/linitiative.ca\/International\/wp-json\/wp\/v2\/media?parent=126219"}],"wp:term":[{"taxonomy":"category","embeddable":true,"href":"https:\/\/linitiative.ca\/International\/wp-json\/wp\/v2\/categories?post=126219"},{"taxonomy":"post_tag","embeddable":true,"href":"https:\/\/linitiative.ca\/International\/wp-json\/wp\/v2\/tags?post=126219"}],"curies":[{"name":"wp","href":"https:\/\/api.w.org\/{rel}","templated":true}]}}