{"id":126220,"date":"2021-09-06T06:00:00","date_gmt":"2021-09-06T10:00:00","guid":{"rendered":"https:\/\/linitiative.ca\/International\/le-premier-ministre-presentera-dimanche-prochain-le-plan-daction-du-gouvernement\/"},"modified":"2021-09-06T06:00:00","modified_gmt":"2021-09-06T10:00:00","slug":"le-premier-ministre-presentera-dimanche-prochain-le-plan-daction-du-gouvernement","status":"publish","type":"post","link":"https:\/\/linitiative.ca\/International\/le-premier-ministre-presentera-dimanche-prochain-le-plan-daction-du-gouvernement\/","title":{"rendered":"Le Premier ministre pr\u00e9sentera, dimanche prochain, le plan d&rsquo;action du gouvernement"},"content":{"rendered":"<div>L&rsquo;Assembl\u00e9e populaire nationale (APN) reprendra ses travaux, dimanche prochain, par la pr\u00e9sentation en pl\u00e9ni\u00e8re du plan d&rsquo;action du gouvernement par le Premier ministre, ministre des Finances A\u00efmene Benabderrahmane, a indiqu\u00e9 dimanche<\/div>\n<p>Auteur:<br \/>\n<a href=\"https:\/\/www.lesoirdalgerie.com\/actualites\/le-premier-ministre-presentera-dimanche-prochain-le-plan-daction-du-gouvernement-67073\">Cliquez ici pour lire l&rsquo;article depuis sa source.<\/a><\/p>\n","protected":false},"excerpt":{"rendered":"<p>L&rsquo;Assembl\u00e9e populaire nationale (APN) reprendra ses travaux, dimanche prochain, par la pr\u00e9sentation en pl\u00e9ni\u00e8re du plan d&rsquo;action du gouvernement par le Premier ministre, ministre des Finances A\u00efmene Benabderrahmane, a indiqu\u00e9 dimanche Auteur: Cliquez ici pour lire l&rsquo;article depuis sa source.<\/p>\n","protected":false},"author":1741,"featured_media":0,"comment_status":"closed","ping_status":"closed","sticky":false,"template":"","format":"standard","meta":{"fifu_image_url":"","fifu_image_alt":"","footnotes":""},"categories":[73,53],"tags":[],"class_list":["post-126220","post","type-post","status-publish","format-standard","hentry","category-actualite","category-algerie"],"_links":{"self":[{"href":"https:\/\/linitiative.ca\/International\/wp-json\/wp\/v2\/posts\/126220","targetHints":{"allow":["GET"]}}],"collection":[{"href":"https:\/\/linitiative.ca\/International\/wp-json\/wp\/v2\/posts"}],"about":[{"href":"https:\/\/linitiative.ca\/International\/wp-json\/wp\/v2\/types\/post"}],"author":[{"embeddable":true,"href":"https:\/\/linitiative.ca\/International\/wp-json\/wp\/v2\/users\/1741"}],"replies":[{"embeddable":true,"href":"https:\/\/linitiative.ca\/International\/wp-json\/wp\/v2\/comments?post=126220"}],"version-history":[{"count":0,"href":"https:\/\/linitiative.ca\/International\/wp-json\/wp\/v2\/posts\/126220\/revisions"}],"wp:attachment":[{"href":"https:\/\/linitiative.ca\/International\/wp-json\/wp\/v2\/media?parent=126220"}],"wp:term":[{"taxonomy":"category","embeddable":true,"href":"https:\/\/linitiative.ca\/International\/wp-json\/wp\/v2\/categories?post=126220"},{"taxonomy":"post_tag","embeddable":true,"href":"https:\/\/linitiative.ca\/International\/wp-json\/wp\/v2\/tags?post=126220"}],"curies":[{"name":"wp","href":"https:\/\/api.w.org\/{rel}","templated":true}]}}