{"id":126221,"date":"2021-09-06T06:00:00","date_gmt":"2021-09-06T10:00:00","guid":{"rendered":"https:\/\/linitiative.ca\/International\/le-variant-delta-reste-lunique-menace-pour-notre-pays\/"},"modified":"2021-09-06T06:00:00","modified_gmt":"2021-09-06T10:00:00","slug":"le-variant-delta-reste-lunique-menace-pour-notre-pays","status":"publish","type":"post","link":"https:\/\/linitiative.ca\/International\/le-variant-delta-reste-lunique-menace-pour-notre-pays\/","title":{"rendered":"\u00abLe variant Delta reste l\u2019unique menace pour notre pays\u00bb"},"content":{"rendered":"<div>Dans cet entretien, le pr\u00e9sident de la Soci\u00e9t\u00e9 alg\u00e9rienne d&rsquo;immunologie clinique, Kamel Djenouhat, qui a abord\u00e9 plusieurs sujets li\u00e9s \u00e0 la pand\u00e9mie du Covid-19, a indiqu\u00e9 que le taux d\u2019immunit\u00e9 collective protectrice contre la transmission du virus<\/div>\n<p>Auteur:<br \/>\n<a href=\"https:\/\/www.lesoirdalgerie.com\/actualites\/le-variant-delta-reste-lunique-menace-pour-notre-pays-67072\">Cliquez ici pour lire l&rsquo;article depuis sa source.<\/a><\/p>\n","protected":false},"excerpt":{"rendered":"<p>Dans cet entretien, le pr\u00e9sident de la Soci\u00e9t\u00e9 alg\u00e9rienne d&rsquo;immunologie clinique, Kamel Djenouhat, qui a abord\u00e9 plusieurs sujets li\u00e9s \u00e0 la pand\u00e9mie du Covid-19, a indiqu\u00e9 que le taux d\u2019immunit\u00e9 collective protectrice contre la transmission du virus Auteur: Cliquez ici pour lire l&rsquo;article depuis sa source.<\/p>\n","protected":false},"author":1741,"featured_media":0,"comment_status":"closed","ping_status":"closed","sticky":false,"template":"","format":"standard","meta":{"fifu_image_url":"","fifu_image_alt":"","footnotes":""},"categories":[73,53],"tags":[],"class_list":["post-126221","post","type-post","status-publish","format-standard","hentry","category-actualite","category-algerie"],"_links":{"self":[{"href":"https:\/\/linitiative.ca\/International\/wp-json\/wp\/v2\/posts\/126221","targetHints":{"allow":["GET"]}}],"collection":[{"href":"https:\/\/linitiative.ca\/International\/wp-json\/wp\/v2\/posts"}],"about":[{"href":"https:\/\/linitiative.ca\/International\/wp-json\/wp\/v2\/types\/post"}],"author":[{"embeddable":true,"href":"https:\/\/linitiative.ca\/International\/wp-json\/wp\/v2\/users\/1741"}],"replies":[{"embeddable":true,"href":"https:\/\/linitiative.ca\/International\/wp-json\/wp\/v2\/comments?post=126221"}],"version-history":[{"count":0,"href":"https:\/\/linitiative.ca\/International\/wp-json\/wp\/v2\/posts\/126221\/revisions"}],"wp:attachment":[{"href":"https:\/\/linitiative.ca\/International\/wp-json\/wp\/v2\/media?parent=126221"}],"wp:term":[{"taxonomy":"category","embeddable":true,"href":"https:\/\/linitiative.ca\/International\/wp-json\/wp\/v2\/categories?post=126221"},{"taxonomy":"post_tag","embeddable":true,"href":"https:\/\/linitiative.ca\/International\/wp-json\/wp\/v2\/tags?post=126221"}],"curies":[{"name":"wp","href":"https:\/\/api.w.org\/{rel}","templated":true}]}}