{"id":126224,"date":"2021-09-06T15:46:17","date_gmt":"2021-09-06T19:46:17","guid":{"rendered":"https:\/\/linitiative.ca\/International\/nouveau-report-de-la-rentree-scolaire-et-universitaire\/"},"modified":"2021-09-06T15:46:17","modified_gmt":"2021-09-06T19:46:17","slug":"nouveau-report-de-la-rentree-scolaire-et-universitaire","status":"publish","type":"post","link":"https:\/\/linitiative.ca\/International\/nouveau-report-de-la-rentree-scolaire-et-universitaire\/","title":{"rendered":"Nouveau report de la rentr\u00e9e scolaire et universitaire"},"content":{"rendered":"<div><img decoding=\"async\" width=\"960\" height=\"540\" src=\"https:\/\/linitiative.ca\/International\/wp-content\/uploads\/sites\/23\/2021\/09\/FEEDF40D-7ACB-4428-B0A0-B44DA48A5D45-1.jpeg\" class=\"attachment-post-thumbnail size-post-thumbnail wp-post-image\" alt=\"\" loading=\"lazy\" srcset=\"https:\/\/linitiative.ca\/International\/wp-content\/uploads\/sites\/23\/2021\/09\/FEEDF40D-7ACB-4428-B0A0-B44DA48A5D45-1.jpeg 960w, https:\/\/www.challenge.ma\/wp-content\/uploads\/2020\/09\/FEEDF40D-7ACB-4428-B0A0-B44DA48A5D45-1-300x169.jpeg 300w, https:\/\/www.challenge.ma\/wp-content\/uploads\/2020\/09\/FEEDF40D-7ACB-4428-B0A0-B44DA48A5D45-1-768x432.jpeg 768w, https:\/\/www.challenge.ma\/wp-content\/uploads\/2020\/09\/FEEDF40D-7ACB-4428-B0A0-B44DA48A5D45-1-360x203.jpeg 360w, https:\/\/www.challenge.ma\/wp-content\/uploads\/2020\/09\/FEEDF40D-7ACB-4428-B0A0-B44DA48A5D45-1-750x422.jpeg 750w\" sizes=\"auto, (max-width: 960px) 100vw, 960px\" itemprop=\"image\">Le minist\u00e8re de l\u2019\u00e9ducation nationale vient d\u2019annoncer le report de la la rentr\u00e9e scolaire 2021-2022 au vendredi 1er octobre au lieu du 10 septembre. Outre les \u00e9tablissements publics et priv\u00e9s ainsi que les \u00e9tablissements de formation professionnelle, les missions \u00e9trang\u00e8res au Maroc sont aussi concern\u00e9es. Toutefois, notons que les \u00e9coles<\/div>\n<p>Auteur: challenge<br \/>\n<a href=\"https:\/\/www.challenge.ma\/report-de-la-rentree-scolaire-et-universitaire-au-1er-octobre-197679\/\">Cliquez ici pour lire l&rsquo;article depuis sa source.<\/a><\/p>\n","protected":false},"excerpt":{"rendered":"<p>Le minist\u00e8re de l\u2019\u00e9ducation nationale vient d\u2019annoncer le report de la la rentr\u00e9e scolaire 2021-2022 au vendredi 1er octobre au lieu du 10 septembre. Outre les \u00e9tablissements publics et priv\u00e9s ainsi que les \u00e9tablissements de formation professionnelle, les missions \u00e9trang\u00e8res au Maroc sont aussi concern\u00e9es. Toutefois, notons que les \u00e9coles Auteur: challenge Cliquez ici pour [&hellip;]<\/p>\n","protected":false},"author":1787,"featured_media":0,"comment_status":"closed","ping_status":"closed","sticky":false,"template":"","format":"standard","meta":{"fifu_image_url":"https:\/\/www.challenge.ma\/wp-content\/uploads\/2020\/09\/FEEDF40D-7ACB-4428-B0A0-B44DA48A5D45-1.jpeg","fifu_image_alt":"Nouveau report de la rentr\u00e9e scolaire et universitaire","footnotes":""},"categories":[78,54],"tags":[],"class_list":["post-126224","post","type-post","status-publish","format-standard","hentry","category-economie","category-maroc"],"_links":{"self":[{"href":"https:\/\/linitiative.ca\/International\/wp-json\/wp\/v2\/posts\/126224","targetHints":{"allow":["GET"]}}],"collection":[{"href":"https:\/\/linitiative.ca\/International\/wp-json\/wp\/v2\/posts"}],"about":[{"href":"https:\/\/linitiative.ca\/International\/wp-json\/wp\/v2\/types\/post"}],"author":[{"embeddable":true,"href":"https:\/\/linitiative.ca\/International\/wp-json\/wp\/v2\/users\/1787"}],"replies":[{"embeddable":true,"href":"https:\/\/linitiative.ca\/International\/wp-json\/wp\/v2\/comments?post=126224"}],"version-history":[{"count":0,"href":"https:\/\/linitiative.ca\/International\/wp-json\/wp\/v2\/posts\/126224\/revisions"}],"wp:attachment":[{"href":"https:\/\/linitiative.ca\/International\/wp-json\/wp\/v2\/media?parent=126224"}],"wp:term":[{"taxonomy":"category","embeddable":true,"href":"https:\/\/linitiative.ca\/International\/wp-json\/wp\/v2\/categories?post=126224"},{"taxonomy":"post_tag","embeddable":true,"href":"https:\/\/linitiative.ca\/International\/wp-json\/wp\/v2\/tags?post=126224"}],"curies":[{"name":"wp","href":"https:\/\/api.w.org\/{rel}","templated":true}]}}