{"id":126226,"date":"2021-09-06T16:05:13","date_gmt":"2021-09-06T20:05:13","guid":{"rendered":"https:\/\/linitiative.ca\/International\/coronavirus-voici-les-nouveaux-tarifs-des-tests-de-depistage-du-covid-19\/"},"modified":"2021-09-06T16:05:13","modified_gmt":"2021-09-06T20:05:13","slug":"coronavirus-voici-les-nouveaux-tarifs-des-tests-de-depistage-du-covid-19","status":"publish","type":"post","link":"https:\/\/linitiative.ca\/International\/coronavirus-voici-les-nouveaux-tarifs-des-tests-de-depistage-du-covid-19\/","title":{"rendered":"Coronavirus. Voici les nouveaux tarifs des tests de d\u00e9pistage du Covid-19"},"content":{"rendered":"<div><img decoding=\"async\" width=\"750\" height=\"499\" src=\"https:\/\/linitiative.ca\/International\/wp-content\/uploads\/sites\/23\/2021\/09\/test-coronavirus-750x499-1.jpeg\" class=\"attachment-post-thumbnail size-post-thumbnail wp-post-image\" alt=\"\" loading=\"lazy\" srcset=\"https:\/\/linitiative.ca\/International\/wp-content\/uploads\/sites\/23\/2021\/09\/test-coronavirus-750x499-1.jpeg 750w, https:\/\/www.challenge.ma\/wp-content\/uploads\/2020\/08\/test-coronavirus-750x499-1-300x200.jpeg 300w, https:\/\/www.challenge.ma\/wp-content\/uploads\/2020\/08\/test-coronavirus-750x499-1-360x240.jpeg 360w\" sizes=\"auto, (max-width: 750px) 100vw, 750px\" itemprop=\"image\">Le gouvernement a d\u00e9cid\u00e9 r\u00e9glementer les tarifs des tests de d\u00e9pistage du Covid-19. Ainsi, les prix de vente au public sont d\u00e9sormais encadr\u00e9s par un arr\u00eat\u00e9 que vient de publier le d\u00e9partement des Affaires g\u00e9n\u00e9rales et de la gouvernance. Les d\u00e9tails.<\/div>\n<p>Auteur: challenge<br \/>\n<a href=\"https:\/\/www.challenge.ma\/coronavirus-voici-les-nouveaux-tarifs-des-tests-de-depistage-du-covid-19-197687\/\">Cliquez ici pour lire l&rsquo;article depuis sa source.<\/a><\/p>\n","protected":false},"excerpt":{"rendered":"<p>Le gouvernement a d\u00e9cid\u00e9 r\u00e9glementer les tarifs des tests de d\u00e9pistage du Covid-19. Ainsi, les prix de vente au public sont d\u00e9sormais encadr\u00e9s par un arr\u00eat\u00e9 que vient de publier le d\u00e9partement des Affaires g\u00e9n\u00e9rales et de la gouvernance. Les d\u00e9tails. Auteur: challenge Cliquez ici pour lire l&rsquo;article depuis sa source.<\/p>\n","protected":false},"author":1787,"featured_media":0,"comment_status":"closed","ping_status":"closed","sticky":false,"template":"","format":"standard","meta":{"fifu_image_url":"https:\/\/www.challenge.ma\/wp-content\/uploads\/2020\/08\/test-coronavirus-750x499-1.jpeg","fifu_image_alt":"Coronavirus. Voici les nouveaux tarifs des tests de d\u00e9pistage du Covid-19","footnotes":""},"categories":[78,54],"tags":[],"class_list":["post-126226","post","type-post","status-publish","format-standard","hentry","category-economie","category-maroc"],"_links":{"self":[{"href":"https:\/\/linitiative.ca\/International\/wp-json\/wp\/v2\/posts\/126226","targetHints":{"allow":["GET"]}}],"collection":[{"href":"https:\/\/linitiative.ca\/International\/wp-json\/wp\/v2\/posts"}],"about":[{"href":"https:\/\/linitiative.ca\/International\/wp-json\/wp\/v2\/types\/post"}],"author":[{"embeddable":true,"href":"https:\/\/linitiative.ca\/International\/wp-json\/wp\/v2\/users\/1787"}],"replies":[{"embeddable":true,"href":"https:\/\/linitiative.ca\/International\/wp-json\/wp\/v2\/comments?post=126226"}],"version-history":[{"count":0,"href":"https:\/\/linitiative.ca\/International\/wp-json\/wp\/v2\/posts\/126226\/revisions"}],"wp:attachment":[{"href":"https:\/\/linitiative.ca\/International\/wp-json\/wp\/v2\/media?parent=126226"}],"wp:term":[{"taxonomy":"category","embeddable":true,"href":"https:\/\/linitiative.ca\/International\/wp-json\/wp\/v2\/categories?post=126226"},{"taxonomy":"post_tag","embeddable":true,"href":"https:\/\/linitiative.ca\/International\/wp-json\/wp\/v2\/tags?post=126226"}],"curies":[{"name":"wp","href":"https:\/\/api.w.org\/{rel}","templated":true}]}}