{"id":126233,"date":"2021-09-06T15:57:57","date_gmt":"2021-09-06T19:57:57","guid":{"rendered":"https:\/\/linitiative.ca\/International\/arp-certains-deputes-exigent-la-fixation-de-la-duree-des-mesures-exceptionnelles\/"},"modified":"2021-09-06T15:57:57","modified_gmt":"2021-09-06T19:57:57","slug":"arp-certains-deputes-exigent-la-fixation-de-la-duree-des-mesures-exceptionnelles","status":"publish","type":"post","link":"https:\/\/linitiative.ca\/International\/arp-certains-deputes-exigent-la-fixation-de-la-duree-des-mesures-exceptionnelles\/","title":{"rendered":"ARP : Certains d\u00e9put\u00e9s exigent la fixation de la dur\u00e9e des mesures exceptionnelles"},"content":{"rendered":"<div>\n<p>Un certain nombre de d\u00e9put\u00e9s ont exig\u00e9 aujourd\u2019hui, lundi 6 septembre 2021, de pr\u00e9ciser la dur\u00e9e des mesures exceptionnelles et de s\u2019engager \u00e0 r\u00e9tablir la vie d\u00e9mocratique en Tunisie. Selon un communiqu\u00e9 publi\u00e9 par le d\u00e9put\u00e9 Tahya Tounes, Ayachi Zammel sur sa page officielle, le groupe de d\u00e9put\u00e9s a \u00e9galement appel\u00e9 \u00e0 la lev\u00e9e imm\u00e9diate [\u2026]<\/p>\n<p>L\u2019article <a href=\"https:\/\/www.tunisienumerique.com\/arp-certains-deputes-exigent-la-fixation-de-la-duree-des-mesures-exceptionnelles\/\">ARP : Certains d\u00e9put\u00e9s exigent la fixation de la dur\u00e9e des mesures exceptionnelles<\/a> est apparu en premier sur <a href=\"https:\/\/www.tunisienumerique.com\/\">Tunisie<\/a>.<\/p>\n<\/div>\n<p>Auteur: rania ben slimane<br \/>\n<a href=\"https:\/\/www.tunisienumerique.com\/arp-certains-deputes-exigent-la-fixation-de-la-duree-des-mesures-exceptionnelles\/\">Cliquez ici pour lire l&rsquo;article depuis sa source.<\/a><\/p>\n","protected":false},"excerpt":{"rendered":"<p>Un certain nombre de d\u00e9put\u00e9s ont exig\u00e9 aujourd\u2019hui, lundi 6 septembre 2021, de pr\u00e9ciser la dur\u00e9e des mesures exceptionnelles et de s\u2019engager \u00e0 r\u00e9tablir la vie d\u00e9mocratique en Tunisie. Selon un communiqu\u00e9 publi\u00e9 par le d\u00e9put\u00e9 Tahya Tounes, Ayachi Zammel sur sa page officielle, le groupe de d\u00e9put\u00e9s a \u00e9galement appel\u00e9 \u00e0 la lev\u00e9e imm\u00e9diate [&hellip;]<\/p>\n","protected":false},"author":1789,"featured_media":0,"comment_status":"closed","ping_status":"closed","sticky":false,"template":"","format":"standard","meta":{"fifu_image_url":"","fifu_image_alt":"","footnotes":""},"categories":[73,55],"tags":[],"class_list":["post-126233","post","type-post","status-publish","format-standard","hentry","category-actualite","category-tunisie"],"_links":{"self":[{"href":"https:\/\/linitiative.ca\/International\/wp-json\/wp\/v2\/posts\/126233","targetHints":{"allow":["GET"]}}],"collection":[{"href":"https:\/\/linitiative.ca\/International\/wp-json\/wp\/v2\/posts"}],"about":[{"href":"https:\/\/linitiative.ca\/International\/wp-json\/wp\/v2\/types\/post"}],"author":[{"embeddable":true,"href":"https:\/\/linitiative.ca\/International\/wp-json\/wp\/v2\/users\/1789"}],"replies":[{"embeddable":true,"href":"https:\/\/linitiative.ca\/International\/wp-json\/wp\/v2\/comments?post=126233"}],"version-history":[{"count":0,"href":"https:\/\/linitiative.ca\/International\/wp-json\/wp\/v2\/posts\/126233\/revisions"}],"wp:attachment":[{"href":"https:\/\/linitiative.ca\/International\/wp-json\/wp\/v2\/media?parent=126233"}],"wp:term":[{"taxonomy":"category","embeddable":true,"href":"https:\/\/linitiative.ca\/International\/wp-json\/wp\/v2\/categories?post=126233"},{"taxonomy":"post_tag","embeddable":true,"href":"https:\/\/linitiative.ca\/International\/wp-json\/wp\/v2\/tags?post=126233"}],"curies":[{"name":"wp","href":"https:\/\/api.w.org\/{rel}","templated":true}]}}