{"id":126234,"date":"2021-09-06T16:46:31","date_gmt":"2021-09-06T20:46:31","guid":{"rendered":"https:\/\/linitiative.ca\/International\/journee-nationale-de-vaccination-les-personnes-aux-besoins-specifiques-seront-vaccinees-a-cette-date\/"},"modified":"2021-09-06T16:46:31","modified_gmt":"2021-09-06T20:46:31","slug":"journee-nationale-de-vaccination-les-personnes-aux-besoins-specifiques-seront-vaccinees-a-cette-date","status":"publish","type":"post","link":"https:\/\/linitiative.ca\/International\/journee-nationale-de-vaccination-les-personnes-aux-besoins-specifiques-seront-vaccinees-a-cette-date\/","title":{"rendered":"Journ\u00e9e nationale de vaccination : Les personnes aux besoins sp\u00e9cifiques seront vaccin\u00e9es \u00e0 cette date"},"content":{"rendered":"<div>\n<p>Le pr\u00e9sident de l\u2019Association Tunisienne de D\u00e9fense des Personnes Handicap\u00e9es, Yosri Mazati a annonc\u00e9 aujourd\u2019hui 06 septembre 2021, le d\u00e9marrage de la vaccination des personnes aux besoins sp\u00e9cifiques et de leurs parents, ce 11 septembre et ce sous la tutelle des Minist\u00e8res de la Sant\u00e9 et des Affaires Sociales et en partenariat avec l\u2019Organisation Tunisienne [\u2026]<\/p>\n<p>L\u2019article <a href=\"https:\/\/www.tunisienumerique.com\/journee-nationale-de-vaccination-les-personnes-aux-besoins-specifiques-seront-vaccinees-a-cette-date\/\">Journ\u00e9e nationale de vaccination : Les personnes aux besoins sp\u00e9cifiques seront vaccin\u00e9es \u00e0 cette date<\/a> est apparu en premier sur <a href=\"https:\/\/www.tunisienumerique.com\/\">Tunisie<\/a>.<\/p>\n<\/div>\n<p>Auteur: rania ben slimane<br \/>\n<a href=\"https:\/\/www.tunisienumerique.com\/journee-nationale-de-vaccination-les-personnes-aux-besoins-specifiques-seront-vaccinees-a-cette-date\/\">Cliquez ici pour lire l&rsquo;article depuis sa source.<\/a><\/p>\n","protected":false},"excerpt":{"rendered":"<p>Le pr\u00e9sident de l\u2019Association Tunisienne de D\u00e9fense des Personnes Handicap\u00e9es, Yosri Mazati a annonc\u00e9 aujourd\u2019hui 06 septembre 2021, le d\u00e9marrage de la vaccination des personnes aux besoins sp\u00e9cifiques et de leurs parents, ce 11 septembre et ce sous la tutelle des Minist\u00e8res de la Sant\u00e9 et des Affaires Sociales et en partenariat avec l\u2019Organisation Tunisienne [&hellip;]<\/p>\n","protected":false},"author":1789,"featured_media":0,"comment_status":"closed","ping_status":"closed","sticky":false,"template":"","format":"standard","meta":{"fifu_image_url":"","fifu_image_alt":"","footnotes":""},"categories":[73,55],"tags":[],"class_list":["post-126234","post","type-post","status-publish","format-standard","hentry","category-actualite","category-tunisie"],"_links":{"self":[{"href":"https:\/\/linitiative.ca\/International\/wp-json\/wp\/v2\/posts\/126234","targetHints":{"allow":["GET"]}}],"collection":[{"href":"https:\/\/linitiative.ca\/International\/wp-json\/wp\/v2\/posts"}],"about":[{"href":"https:\/\/linitiative.ca\/International\/wp-json\/wp\/v2\/types\/post"}],"author":[{"embeddable":true,"href":"https:\/\/linitiative.ca\/International\/wp-json\/wp\/v2\/users\/1789"}],"replies":[{"embeddable":true,"href":"https:\/\/linitiative.ca\/International\/wp-json\/wp\/v2\/comments?post=126234"}],"version-history":[{"count":0,"href":"https:\/\/linitiative.ca\/International\/wp-json\/wp\/v2\/posts\/126234\/revisions"}],"wp:attachment":[{"href":"https:\/\/linitiative.ca\/International\/wp-json\/wp\/v2\/media?parent=126234"}],"wp:term":[{"taxonomy":"category","embeddable":true,"href":"https:\/\/linitiative.ca\/International\/wp-json\/wp\/v2\/categories?post=126234"},{"taxonomy":"post_tag","embeddable":true,"href":"https:\/\/linitiative.ca\/International\/wp-json\/wp\/v2\/tags?post=126234"}],"curies":[{"name":"wp","href":"https:\/\/api.w.org\/{rel}","templated":true}]}}