{"id":126235,"date":"2021-09-06T17:00:11","date_gmt":"2021-09-06T21:00:11","guid":{"rendered":"https:\/\/linitiative.ca\/International\/moncef-marzouki-video-les-portes-de-lenfer-se-sont-ouvertes-apres-le-coup-detat\/"},"modified":"2021-09-06T17:00:11","modified_gmt":"2021-09-06T21:00:11","slug":"moncef-marzouki-video-les-portes-de-lenfer-se-sont-ouvertes-apres-le-coup-detat","status":"publish","type":"post","link":"https:\/\/linitiative.ca\/International\/moncef-marzouki-video-les-portes-de-lenfer-se-sont-ouvertes-apres-le-coup-detat\/","title":{"rendered":"Moncef Marzouki [VIDEO] : \u00abLes portes de l\u2019enfer se sont ouvertes apr\u00e8s le coup d\u2019\u00c9tat\u00bb"},"content":{"rendered":"<div>\n<p>L\u2019ancien pr\u00e9sident de la R\u00e9publique \u00ab\u00a0provisoire\u00a0\u00bb, Mohamed Moncef Marzouki, a d\u00e9clar\u00e9 dans un vid\u00e9o diffus\u00e9e sur sa page ce soir, que \u00ab\u00a0ceux qui ont adh\u00e9r\u00e9 au coup d\u2019\u00c9tat et croyaient que le ciel ouvrirait ses portes, trouveront que les portes de l\u2019enfer \u00e9conomique ont \u00e9t\u00e9 ouvertes\u00a0\u00bb. Il a soulign\u00e9 que la Tunisie est confront\u00e9e \u00e0 [\u2026]<\/p>\n<p>L\u2019article <a href=\"https:\/\/www.tunisienumerique.com\/moncef-marzouki-video-les-portes-de-lenfer-se-sont-ouvertes-apres-le-coup-detat\/\">Moncef Marzouki [VIDEO] : \u00abLes portes de l\u2019enfer se sont ouvertes apr\u00e8s le coup d\u2019\u00c9tat\u00bb<\/a> est apparu en premier sur <a href=\"https:\/\/www.tunisienumerique.com\/\">Tunisie<\/a>.<\/p>\n<\/div>\n<p>Auteur: rania ben slimane<br \/>\n<a href=\"https:\/\/www.tunisienumerique.com\/moncef-marzouki-video-les-portes-de-lenfer-se-sont-ouvertes-apres-le-coup-detat\/\">Cliquez ici pour lire l&rsquo;article depuis sa source.<\/a><\/p>\n","protected":false},"excerpt":{"rendered":"<p>L\u2019ancien pr\u00e9sident de la R\u00e9publique \u00ab\u00a0provisoire\u00a0\u00bb, Mohamed Moncef Marzouki, a d\u00e9clar\u00e9 dans un vid\u00e9o diffus\u00e9e sur sa page ce soir, que \u00ab\u00a0ceux qui ont adh\u00e9r\u00e9 au coup d\u2019\u00c9tat et croyaient que le ciel ouvrirait ses portes, trouveront que les portes de l\u2019enfer \u00e9conomique ont \u00e9t\u00e9 ouvertes\u00a0\u00bb. Il a soulign\u00e9 que la Tunisie est confront\u00e9e \u00e0 [&hellip;]<\/p>\n","protected":false},"author":1789,"featured_media":0,"comment_status":"closed","ping_status":"closed","sticky":false,"template":"","format":"standard","meta":{"fifu_image_url":"","fifu_image_alt":"","footnotes":""},"categories":[73,55],"tags":[],"class_list":["post-126235","post","type-post","status-publish","format-standard","hentry","category-actualite","category-tunisie"],"_links":{"self":[{"href":"https:\/\/linitiative.ca\/International\/wp-json\/wp\/v2\/posts\/126235","targetHints":{"allow":["GET"]}}],"collection":[{"href":"https:\/\/linitiative.ca\/International\/wp-json\/wp\/v2\/posts"}],"about":[{"href":"https:\/\/linitiative.ca\/International\/wp-json\/wp\/v2\/types\/post"}],"author":[{"embeddable":true,"href":"https:\/\/linitiative.ca\/International\/wp-json\/wp\/v2\/users\/1789"}],"replies":[{"embeddable":true,"href":"https:\/\/linitiative.ca\/International\/wp-json\/wp\/v2\/comments?post=126235"}],"version-history":[{"count":0,"href":"https:\/\/linitiative.ca\/International\/wp-json\/wp\/v2\/posts\/126235\/revisions"}],"wp:attachment":[{"href":"https:\/\/linitiative.ca\/International\/wp-json\/wp\/v2\/media?parent=126235"}],"wp:term":[{"taxonomy":"category","embeddable":true,"href":"https:\/\/linitiative.ca\/International\/wp-json\/wp\/v2\/categories?post=126235"},{"taxonomy":"post_tag","embeddable":true,"href":"https:\/\/linitiative.ca\/International\/wp-json\/wp\/v2\/tags?post=126235"}],"curies":[{"name":"wp","href":"https:\/\/api.w.org\/{rel}","templated":true}]}}